{"id":108,"date":"2013-09-23T18:58:10","date_gmt":"2013-09-23T15:58:10","guid":{"rendered":"https:\/\/blogit.gradia.fi\/anniinatuomijarvi\/?p=108"},"modified":"2014-12-07T18:18:07","modified_gmt":"2014-12-07T16:18:07","slug":"kttn-tehtava-5","status":"publish","type":"post","link":"https:\/\/blogit.gradia.fi\/anniinatuomijarvi\/kttn-tehtava-5\/","title":{"rendered":"KTT:n teht\u00e4v\u00e4 5"},"content":{"rendered":"<p>Teht\u00e4v\u00e4 5:<\/p>\n<p>Ty\u00f6paikan p\u00e4iv\u00e4rytmi &#8221;lukuj\u00e4rjestyksen\u00e4&#8221;.<\/p>\n<p>Kuvat on otettu Excelist\u00e4 kuvankaappauksella. \ud83d\ude42<\/p>\n<p><a href=\"https:\/\/blogit.gradia.fi\/anniinatuomijarvi\/wp-content\/uploads\/sites\/94\/2013\/09\/Maanantai.png\"><img loading=\"lazy\" decoding=\"async\" class=\"alignnone size-full wp-image-109\" src=\"https:\/\/blogit.gradia.fi\/anniinatuomijarvi\/wp-content\/uploads\/sites\/94\/2013\/09\/Maanantai.png\" alt=\"Maanantai\" width=\"1211\" height=\"240\" \/><\/a> <a href=\"https:\/\/blogit.gradia.fi\/anniinatuomijarvi\/wp-content\/uploads\/sites\/94\/2013\/09\/Tiistai.png\"><img loading=\"lazy\" decoding=\"async\" class=\"alignnone size-medium wp-image-110\" src=\"https:\/\/blogit.gradia.fi\/anniinatuomijarvi\/wp-content\/uploads\/sites\/94\/2013\/09\/Tiistai.png\" alt=\"Tiistai\" width=\"300\" height=\"86\" \/><\/a><a href=\"https:\/\/blogit.gradia.fi\/anniinatuomijarvi\/wp-content\/uploads\/sites\/94\/2013\/09\/Keskiviikko.png\"><img loading=\"lazy\" decoding=\"async\" class=\"alignnone size-medium wp-image-111\" src=\"https:\/\/blogit.gradia.fi\/anniinatuomijarvi\/wp-content\/uploads\/sites\/94\/2013\/09\/Keskiviikko.png\" alt=\"Keskiviikko\" width=\"300\" height=\"60\" \/><\/a>\u00a0 <a href=\"https:\/\/blogit.gradia.fi\/anniinatuomijarvi\/wp-content\/uploads\/sites\/94\/2013\/09\/Torstai.png\"><img loading=\"lazy\" decoding=\"async\" class=\"alignnone size-medium wp-image-112\" src=\"https:\/\/blogit.gradia.fi\/anniinatuomijarvi\/wp-content\/uploads\/sites\/94\/2013\/09\/Torstai.png\" alt=\"Torstai\" width=\"300\" height=\"86\" \/><\/a> <a href=\"https:\/\/blogit.gradia.fi\/anniinatuomijarvi\/wp-content\/uploads\/sites\/94\/2013\/09\/Perjantai.png\"><img loading=\"lazy\" decoding=\"async\" class=\"alignnone size-medium wp-image-113\" src=\"https:\/\/blogit.gradia.fi\/anniinatuomijarvi\/wp-content\/uploads\/sites\/94\/2013\/09\/Perjantai.png\" alt=\"Perjantai\" width=\"300\" height=\"86\" \/><\/a> <a href=\"https:\/\/blogit.gradia.fi\/anniinatuomijarvi\/wp-content\/uploads\/sites\/94\/2013\/09\/Lauantai.png\"><img loading=\"lazy\" decoding=\"async\" class=\"alignnone size-medium wp-image-114\" src=\"https:\/\/blogit.gradia.fi\/anniinatuomijarvi\/wp-content\/uploads\/sites\/94\/2013\/09\/Lauantai.png\" alt=\"Lauantai\" width=\"300\" height=\"86\" \/><\/a><a href=\"https:\/\/blogit.gradia.fi\/anniinatuomijarvi\/wp-content\/uploads\/sites\/94\/2013\/09\/Sunnuntai.png\"><img loading=\"lazy\" decoding=\"async\" class=\"alignnone size-full wp-image-115\" src=\"https:\/\/blogit.gradia.fi\/anniinatuomijarvi\/wp-content\/uploads\/sites\/94\/2013\/09\/Sunnuntai.png\" alt=\"Sunnuntai\" width=\"279\" height=\"285\" \/><\/a><\/p>\n","protected":false},"excerpt":{"rendered":"<p>Teht\u00e4v\u00e4 5: Ty\u00f6paikan p\u00e4iv\u00e4rytmi &#8221;lukuj\u00e4rjestyksen\u00e4&#8221;. Kuvat on otettu Excelist\u00e4 kuvankaappauksella. \ud83d\ude42 \u00a0<\/p>\n","protected":false},"author":588,"featured_media":0,"comment_status":"open","ping_status":"open","sticky":false,"template":"","format":"standard","meta":{"_uag_custom_page_level_css":"","footnotes":""},"categories":[3],"tags":[],"class_list":["post-108","post","type-post","status-publish","format-standard","hentry","category-top"],"yoast_head":"<!-- This site is optimized with the Yoast SEO plugin v27.4 - https:\/\/yoast.com\/product\/yoast-seo-wordpress\/ -->\n<title>KTT:n teht\u00e4v\u00e4 5 - Ty\u00f6el\u00e4m\u00e4n sek\u00e4 koulun yhdist\u00e4minen opiskelijan silmin.<\/title>\n<meta name=\"robots\" content=\"index, follow, max-snippet:-1, max-image-preview:large, max-video-preview:-1\" \/>\n<link rel=\"canonical\" href=\"https:\/\/blogit.gradia.fi\/anniinatuomijarvi\/kttn-tehtava-5\/\" \/>\n<meta property=\"og:locale\" content=\"fi_FI\" \/>\n<meta property=\"og:type\" content=\"article\" \/>\n<meta property=\"og:title\" content=\"KTT:n teht\u00e4v\u00e4 5 - Ty\u00f6el\u00e4m\u00e4n sek\u00e4 koulun yhdist\u00e4minen opiskelijan silmin.\" \/>\n<meta property=\"og:description\" content=\"Teht\u00e4v\u00e4 5: Ty\u00f6paikan p\u00e4iv\u00e4rytmi &#8221;lukuj\u00e4rjestyksen\u00e4&#8221;. Kuvat on otettu Excelist\u00e4 kuvankaappauksella. \ud83d\ude42 \u00a0\" \/>\n<meta property=\"og:url\" content=\"https:\/\/blogit.gradia.fi\/anniinatuomijarvi\/kttn-tehtava-5\/\" \/>\n<meta property=\"og:site_name\" content=\"Ty\u00f6el\u00e4m\u00e4n sek\u00e4 koulun yhdist\u00e4minen opiskelijan silmin.\" \/>\n<meta property=\"article:published_time\" content=\"2013-09-23T15:58:10+00:00\" \/>\n<meta property=\"article:modified_time\" content=\"2014-12-07T16:18:07+00:00\" \/>\n<meta property=\"og:image\" content=\"https:\/\/blogit.gradia.fi\/anniinatuomijarvi\/wp-content\/uploads\/sites\/94\/2013\/09\/Maanantai.png\" \/>\n<meta name=\"author\" content=\"Anniina\" \/>\n<meta name=\"twitter:card\" content=\"summary_large_image\" \/>\n<meta name=\"twitter:label1\" content=\"Kirjoittanut\" \/>\n\t<meta name=\"twitter:data1\" content=\"Anniina\" \/>\n<script type=\"application\/ld+json\" class=\"yoast-schema-graph\">{\"@context\":\"https:\\\/\\\/schema.org\",\"@graph\":[{\"@type\":\"Article\",\"@id\":\"https:\\\/\\\/blogit.gradia.fi\\\/anniinatuomijarvi\\\/kttn-tehtava-5\\\/#article\",\"isPartOf\":{\"@id\":\"https:\\\/\\\/blogit.gradia.fi\\\/anniinatuomijarvi\\\/kttn-tehtava-5\\\/\"},\"author\":{\"name\":\"Anniina\",\"@id\":\"https:\\\/\\\/blogit.gradia.fi\\\/anniinatuomijarvi\\\/#\\\/schema\\\/person\\\/a126012e8cf245661fe7e619b8b68806\"},\"headline\":\"KTT:n teht\u00e4v\u00e4 5\",\"datePublished\":\"2013-09-23T15:58:10+00:00\",\"dateModified\":\"2014-12-07T16:18:07+00:00\",\"mainEntityOfPage\":{\"@id\":\"https:\\\/\\\/blogit.gradia.fi\\\/anniinatuomijarvi\\\/kttn-tehtava-5\\\/\"},\"wordCount\":18,\"commentCount\":0,\"image\":{\"@id\":\"https:\\\/\\\/blogit.gradia.fi\\\/anniinatuomijarvi\\\/kttn-tehtava-5\\\/#primaryimage\"},\"thumbnailUrl\":\"https:\\\/\\\/blogit.gradia.fi\\\/anniinatuomijarvi\\\/wp-content\\\/uploads\\\/sites\\\/94\\\/2013\\\/09\\\/Maanantai.png\",\"articleSection\":[\"TOP\"],\"inLanguage\":\"fi\",\"potentialAction\":[{\"@type\":\"CommentAction\",\"name\":\"Comment\",\"target\":[\"https:\\\/\\\/blogit.gradia.fi\\\/anniinatuomijarvi\\\/kttn-tehtava-5\\\/#respond\"]}]},{\"@type\":\"WebPage\",\"@id\":\"https:\\\/\\\/blogit.gradia.fi\\\/anniinatuomijarvi\\\/kttn-tehtava-5\\\/\",\"url\":\"https:\\\/\\\/blogit.gradia.fi\\\/anniinatuomijarvi\\\/kttn-tehtava-5\\\/\",\"name\":\"KTT:n teht\u00e4v\u00e4 5 - Ty\u00f6el\u00e4m\u00e4n sek\u00e4 koulun yhdist\u00e4minen opiskelijan silmin.\",\"isPartOf\":{\"@id\":\"https:\\\/\\\/blogit.gradia.fi\\\/anniinatuomijarvi\\\/#website\"},\"primaryImageOfPage\":{\"@id\":\"https:\\\/\\\/blogit.gradia.fi\\\/anniinatuomijarvi\\\/kttn-tehtava-5\\\/#primaryimage\"},\"image\":{\"@id\":\"https:\\\/\\\/blogit.gradia.fi\\\/anniinatuomijarvi\\\/kttn-tehtava-5\\\/#primaryimage\"},\"thumbnailUrl\":\"https:\\\/\\\/blogit.gradia.fi\\\/anniinatuomijarvi\\\/wp-content\\\/uploads\\\/sites\\\/94\\\/2013\\\/09\\\/Maanantai.png\",\"datePublished\":\"2013-09-23T15:58:10+00:00\",\"dateModified\":\"2014-12-07T16:18:07+00:00\",\"author\":{\"@id\":\"https:\\\/\\\/blogit.gradia.fi\\\/anniinatuomijarvi\\\/#\\\/schema\\\/person\\\/a126012e8cf245661fe7e619b8b68806\"},\"inLanguage\":\"fi\",\"potentialAction\":[{\"@type\":\"ReadAction\",\"target\":[\"https:\\\/\\\/blogit.gradia.fi\\\/anniinatuomijarvi\\\/kttn-tehtava-5\\\/\"]}]},{\"@type\":\"ImageObject\",\"inLanguage\":\"fi\",\"@id\":\"https:\\\/\\\/blogit.gradia.fi\\\/anniinatuomijarvi\\\/kttn-tehtava-5\\\/#primaryimage\",\"url\":\"https:\\\/\\\/blogit.gradia.fi\\\/anniinatuomijarvi\\\/wp-content\\\/uploads\\\/sites\\\/94\\\/2013\\\/09\\\/Maanantai.png\",\"contentUrl\":\"https:\\\/\\\/blogit.gradia.fi\\\/anniinatuomijarvi\\\/wp-content\\\/uploads\\\/sites\\\/94\\\/2013\\\/09\\\/Maanantai.png\",\"width\":1211,\"height\":240},{\"@type\":\"WebSite\",\"@id\":\"https:\\\/\\\/blogit.gradia.fi\\\/anniinatuomijarvi\\\/#website\",\"url\":\"https:\\\/\\\/blogit.gradia.fi\\\/anniinatuomijarvi\\\/\",\"name\":\"Ty\u00f6el\u00e4m\u00e4n sek\u00e4 koulun yhdist\u00e4minen opiskelijan silmin.\",\"description\":\"\",\"potentialAction\":[{\"@type\":\"SearchAction\",\"target\":{\"@type\":\"EntryPoint\",\"urlTemplate\":\"https:\\\/\\\/blogit.gradia.fi\\\/anniinatuomijarvi\\\/?s={search_term_string}\"},\"query-input\":{\"@type\":\"PropertyValueSpecification\",\"valueRequired\":true,\"valueName\":\"search_term_string\"}}],\"inLanguage\":\"fi\"},{\"@type\":\"Person\",\"@id\":\"https:\\\/\\\/blogit.gradia.fi\\\/anniinatuomijarvi\\\/#\\\/schema\\\/person\\\/a126012e8cf245661fe7e619b8b68806\",\"name\":\"Anniina\",\"image\":{\"@type\":\"ImageObject\",\"inLanguage\":\"fi\",\"@id\":\"https:\\\/\\\/secure.gravatar.com\\\/avatar\\\/faa68d1f1aa3d5a567e8faedb990f70be54a921fe1e421b90146ac2ec28bd4c2?s=96&d=mm&r=g\",\"url\":\"https:\\\/\\\/secure.gravatar.com\\\/avatar\\\/faa68d1f1aa3d5a567e8faedb990f70be54a921fe1e421b90146ac2ec28bd4c2?s=96&d=mm&r=g\",\"contentUrl\":\"https:\\\/\\\/secure.gravatar.com\\\/avatar\\\/faa68d1f1aa3d5a567e8faedb990f70be54a921fe1e421b90146ac2ec28bd4c2?s=96&d=mm&r=g\",\"caption\":\"Anniina\"},\"description\":\"Moikka ! Olen J\u00e4ms\u00e4l\u00e4inen 18 vuotias tytt\u00f6 ja opiskelen Jyv\u00e4skyl\u00e4n ammattiopistossa merkonomiksi ty\u00f6harjoittelupainotteisella linjalla, joka koostuu viikossa kolmesta p\u00e4iv\u00e4st\u00e4 ty\u00f6t\u00e4 ja kahdesta p\u00e4iv\u00e4st\u00e4 koulua.\",\"sameAs\":[\"https:\\\/\\\/blogit.gradia.fi\\\/anniinatuomijarvi\"],\"url\":\"https:\\\/\\\/blogit.gradia.fi\\\/anniinatuomijarvi\\\/author\\\/ao106993\\\/\"}]}<\/script>\n<!-- \/ Yoast SEO plugin. -->","yoast_head_json":{"title":"KTT:n teht\u00e4v\u00e4 5 - Ty\u00f6el\u00e4m\u00e4n sek\u00e4 koulun yhdist\u00e4minen opiskelijan silmin.","robots":{"index":"index","follow":"follow","max-snippet":"max-snippet:-1","max-image-preview":"max-image-preview:large","max-video-preview":"max-video-preview:-1"},"canonical":"https:\/\/blogit.gradia.fi\/anniinatuomijarvi\/kttn-tehtava-5\/","og_locale":"fi_FI","og_type":"article","og_title":"KTT:n teht\u00e4v\u00e4 5 - Ty\u00f6el\u00e4m\u00e4n sek\u00e4 koulun yhdist\u00e4minen opiskelijan silmin.","og_description":"Teht\u00e4v\u00e4 5: Ty\u00f6paikan p\u00e4iv\u00e4rytmi &#8221;lukuj\u00e4rjestyksen\u00e4&#8221;. Kuvat on otettu Excelist\u00e4 kuvankaappauksella. \ud83d\ude42 \u00a0","og_url":"https:\/\/blogit.gradia.fi\/anniinatuomijarvi\/kttn-tehtava-5\/","og_site_name":"Ty\u00f6el\u00e4m\u00e4n sek\u00e4 koulun yhdist\u00e4minen opiskelijan silmin.","article_published_time":"2013-09-23T15:58:10+00:00","article_modified_time":"2014-12-07T16:18:07+00:00","og_image":[{"url":"https:\/\/blogit.gradia.fi\/anniinatuomijarvi\/wp-content\/uploads\/sites\/94\/2013\/09\/Maanantai.png","type":"","width":"","height":""}],"author":"Anniina","twitter_card":"summary_large_image","twitter_misc":{"Kirjoittanut":"Anniina"},"schema":{"@context":"https:\/\/schema.org","@graph":[{"@type":"Article","@id":"https:\/\/blogit.gradia.fi\/anniinatuomijarvi\/kttn-tehtava-5\/#article","isPartOf":{"@id":"https:\/\/blogit.gradia.fi\/anniinatuomijarvi\/kttn-tehtava-5\/"},"author":{"name":"Anniina","@id":"https:\/\/blogit.gradia.fi\/anniinatuomijarvi\/#\/schema\/person\/a126012e8cf245661fe7e619b8b68806"},"headline":"KTT:n teht\u00e4v\u00e4 5","datePublished":"2013-09-23T15:58:10+00:00","dateModified":"2014-12-07T16:18:07+00:00","mainEntityOfPage":{"@id":"https:\/\/blogit.gradia.fi\/anniinatuomijarvi\/kttn-tehtava-5\/"},"wordCount":18,"commentCount":0,"image":{"@id":"https:\/\/blogit.gradia.fi\/anniinatuomijarvi\/kttn-tehtava-5\/#primaryimage"},"thumbnailUrl":"https:\/\/blogit.gradia.fi\/anniinatuomijarvi\/wp-content\/uploads\/sites\/94\/2013\/09\/Maanantai.png","articleSection":["TOP"],"inLanguage":"fi","potentialAction":[{"@type":"CommentAction","name":"Comment","target":["https:\/\/blogit.gradia.fi\/anniinatuomijarvi\/kttn-tehtava-5\/#respond"]}]},{"@type":"WebPage","@id":"https:\/\/blogit.gradia.fi\/anniinatuomijarvi\/kttn-tehtava-5\/","url":"https:\/\/blogit.gradia.fi\/anniinatuomijarvi\/kttn-tehtava-5\/","name":"KTT:n teht\u00e4v\u00e4 5 - Ty\u00f6el\u00e4m\u00e4n sek\u00e4 koulun yhdist\u00e4minen opiskelijan silmin.","isPartOf":{"@id":"https:\/\/blogit.gradia.fi\/anniinatuomijarvi\/#website"},"primaryImageOfPage":{"@id":"https:\/\/blogit.gradia.fi\/anniinatuomijarvi\/kttn-tehtava-5\/#primaryimage"},"image":{"@id":"https:\/\/blogit.gradia.fi\/anniinatuomijarvi\/kttn-tehtava-5\/#primaryimage"},"thumbnailUrl":"https:\/\/blogit.gradia.fi\/anniinatuomijarvi\/wp-content\/uploads\/sites\/94\/2013\/09\/Maanantai.png","datePublished":"2013-09-23T15:58:10+00:00","dateModified":"2014-12-07T16:18:07+00:00","author":{"@id":"https:\/\/blogit.gradia.fi\/anniinatuomijarvi\/#\/schema\/person\/a126012e8cf245661fe7e619b8b68806"},"inLanguage":"fi","potentialAction":[{"@type":"ReadAction","target":["https:\/\/blogit.gradia.fi\/anniinatuomijarvi\/kttn-tehtava-5\/"]}]},{"@type":"ImageObject","inLanguage":"fi","@id":"https:\/\/blogit.gradia.fi\/anniinatuomijarvi\/kttn-tehtava-5\/#primaryimage","url":"https:\/\/blogit.gradia.fi\/anniinatuomijarvi\/wp-content\/uploads\/sites\/94\/2013\/09\/Maanantai.png","contentUrl":"https:\/\/blogit.gradia.fi\/anniinatuomijarvi\/wp-content\/uploads\/sites\/94\/2013\/09\/Maanantai.png","width":1211,"height":240},{"@type":"WebSite","@id":"https:\/\/blogit.gradia.fi\/anniinatuomijarvi\/#website","url":"https:\/\/blogit.gradia.fi\/anniinatuomijarvi\/","name":"Ty\u00f6el\u00e4m\u00e4n sek\u00e4 koulun yhdist\u00e4minen opiskelijan silmin.","description":"","potentialAction":[{"@type":"SearchAction","target":{"@type":"EntryPoint","urlTemplate":"https:\/\/blogit.gradia.fi\/anniinatuomijarvi\/?s={search_term_string}"},"query-input":{"@type":"PropertyValueSpecification","valueRequired":true,"valueName":"search_term_string"}}],"inLanguage":"fi"},{"@type":"Person","@id":"https:\/\/blogit.gradia.fi\/anniinatuomijarvi\/#\/schema\/person\/a126012e8cf245661fe7e619b8b68806","name":"Anniina","image":{"@type":"ImageObject","inLanguage":"fi","@id":"https:\/\/secure.gravatar.com\/avatar\/faa68d1f1aa3d5a567e8faedb990f70be54a921fe1e421b90146ac2ec28bd4c2?s=96&d=mm&r=g","url":"https:\/\/secure.gravatar.com\/avatar\/faa68d1f1aa3d5a567e8faedb990f70be54a921fe1e421b90146ac2ec28bd4c2?s=96&d=mm&r=g","contentUrl":"https:\/\/secure.gravatar.com\/avatar\/faa68d1f1aa3d5a567e8faedb990f70be54a921fe1e421b90146ac2ec28bd4c2?s=96&d=mm&r=g","caption":"Anniina"},"description":"Moikka ! Olen J\u00e4ms\u00e4l\u00e4inen 18 vuotias tytt\u00f6 ja opiskelen Jyv\u00e4skyl\u00e4n ammattiopistossa merkonomiksi ty\u00f6harjoittelupainotteisella linjalla, joka koostuu viikossa kolmesta p\u00e4iv\u00e4st\u00e4 ty\u00f6t\u00e4 ja kahdesta p\u00e4iv\u00e4st\u00e4 koulua.","sameAs":["https:\/\/blogit.gradia.fi\/anniinatuomijarvi"],"url":"https:\/\/blogit.gradia.fi\/anniinatuomijarvi\/author\/ao106993\/"}]}},"uagb_featured_image_src":{"full":false,"thumbnail":false,"medium":false,"medium_large":false,"large":false,"1536x1536":false,"2048x2048":false,"post-thumbnail":false,"twentyfourteen-full-width":false},"uagb_author_info":{"display_name":"Anniina","author_link":"https:\/\/blogit.gradia.fi\/anniinatuomijarvi\/author\/ao106993\/"},"uagb_comment_info":2,"uagb_excerpt":"Teht\u00e4v\u00e4 5: Ty\u00f6paikan p\u00e4iv\u00e4rytmi &#8221;lukuj\u00e4rjestyksen\u00e4&#8221;. Kuvat on otettu Excelist\u00e4 kuvankaappauksella. \ud83d\ude42 \u00a0","_links":{"self":[{"href":"https:\/\/blogit.gradia.fi\/anniinatuomijarvi\/wp-json\/wp\/v2\/posts\/108","targetHints":{"allow":["GET"]}}],"collection":[{"href":"https:\/\/blogit.gradia.fi\/anniinatuomijarvi\/wp-json\/wp\/v2\/posts"}],"about":[{"href":"https:\/\/blogit.gradia.fi\/anniinatuomijarvi\/wp-json\/wp\/v2\/types\/post"}],"author":[{"embeddable":true,"href":"https:\/\/blogit.gradia.fi\/anniinatuomijarvi\/wp-json\/wp\/v2\/users\/588"}],"replies":[{"embeddable":true,"href":"https:\/\/blogit.gradia.fi\/anniinatuomijarvi\/wp-json\/wp\/v2\/comments?post=108"}],"version-history":[{"count":0,"href":"https:\/\/blogit.gradia.fi\/anniinatuomijarvi\/wp-json\/wp\/v2\/posts\/108\/revisions"}],"wp:attachment":[{"href":"https:\/\/blogit.gradia.fi\/anniinatuomijarvi\/wp-json\/wp\/v2\/media?parent=108"}],"wp:term":[{"taxonomy":"category","embeddable":true,"href":"https:\/\/blogit.gradia.fi\/anniinatuomijarvi\/wp-json\/wp\/v2\/categories?post=108"},{"taxonomy":"post_tag","embeddable":true,"href":"https:\/\/blogit.gradia.fi\/anniinatuomijarvi\/wp-json\/wp\/v2\/tags?post=108"}],"curies":[{"name":"wp","href":"https:\/\/api.w.org\/{rel}","templated":true}]}}