{"id":77,"date":"2023-03-05T18:54:26","date_gmt":"2023-03-05T16:54:26","guid":{"rendered":"https:\/\/blogit.gradia.fi\/aee\/?p=77"},"modified":"2023-03-05T18:54:28","modified_gmt":"2023-03-05T16:54:28","slug":"korona-ajan-koulutuksia","status":"publish","type":"post","link":"https:\/\/blogit.gradia.fi\/aee\/2023\/03\/05\/korona-ajan-koulutuksia\/","title":{"rendered":"Korona-ajan koulutuksia"},"content":{"rendered":"\n<p>Hankkeen aikana opettajat saivat koulutusta et\u00e4opetuksen eri muodoista. T\u00e4ss\u00e4 muutamia tunnelmia. <\/p>\n\n\n\n<figure class=\"wp-block-gallery has-nested-images columns-default is-cropped wp-block-gallery-1 is-layout-flex wp-block-gallery-is-layout-flex\">\n<figure class=\"wp-block-image size-large\"><img loading=\"lazy\" decoding=\"async\" width=\"1024\" height=\"1008\" data-id=\"79\" src=\"https:\/\/blogit.gradia.fi\/aee\/wp-content\/uploads\/sites\/189\/2023\/03\/Screenshot_20230305_170254_Twitter-1024x1008.jpg\" alt=\"\" class=\"wp-image-79\" srcset=\"https:\/\/blogit.gradia.fi\/aee\/wp-content\/uploads\/sites\/189\/2023\/03\/Screenshot_20230305_170254_Twitter-1024x1008.jpg 1024w, https:\/\/blogit.gradia.fi\/aee\/wp-content\/uploads\/sites\/189\/2023\/03\/Screenshot_20230305_170254_Twitter-300x295.jpg 300w, https:\/\/blogit.gradia.fi\/aee\/wp-content\/uploads\/sites\/189\/2023\/03\/Screenshot_20230305_170254_Twitter-768x756.jpg 768w, https:\/\/blogit.gradia.fi\/aee\/wp-content\/uploads\/sites\/189\/2023\/03\/Screenshot_20230305_170254_Twitter-80x80.jpg 80w, https:\/\/blogit.gradia.fi\/aee\/wp-content\/uploads\/sites\/189\/2023\/03\/Screenshot_20230305_170254_Twitter.jpg 1080w\" sizes=\"auto, (max-width: 1024px) 100vw, 1024px\" \/><\/figure>\n\n\n\n<figure class=\"wp-block-image size-large\"><img loading=\"lazy\" decoding=\"async\" width=\"1024\" height=\"1009\" data-id=\"80\" src=\"https:\/\/blogit.gradia.fi\/aee\/wp-content\/uploads\/sites\/189\/2023\/03\/Screenshot_20230305_170229_Twitter-1024x1009.jpg\" alt=\"\" class=\"wp-image-80\" srcset=\"https:\/\/blogit.gradia.fi\/aee\/wp-content\/uploads\/sites\/189\/2023\/03\/Screenshot_20230305_170229_Twitter-1024x1009.jpg 1024w, https:\/\/blogit.gradia.fi\/aee\/wp-content\/uploads\/sites\/189\/2023\/03\/Screenshot_20230305_170229_Twitter-300x296.jpg 300w, https:\/\/blogit.gradia.fi\/aee\/wp-content\/uploads\/sites\/189\/2023\/03\/Screenshot_20230305_170229_Twitter-768x757.jpg 768w, https:\/\/blogit.gradia.fi\/aee\/wp-content\/uploads\/sites\/189\/2023\/03\/Screenshot_20230305_170229_Twitter-80x80.jpg 80w, https:\/\/blogit.gradia.fi\/aee\/wp-content\/uploads\/sites\/189\/2023\/03\/Screenshot_20230305_170229_Twitter.jpg 1080w\" sizes=\"auto, (max-width: 1024px) 100vw, 1024px\" \/><\/figure>\n\n\n\n<figure class=\"wp-block-image size-large\"><img loading=\"lazy\" decoding=\"async\" width=\"1024\" height=\"970\" data-id=\"78\" src=\"https:\/\/blogit.gradia.fi\/aee\/wp-content\/uploads\/sites\/189\/2023\/03\/Screenshot_20230305_170218_Twitter-1024x970.jpg\" alt=\"\" class=\"wp-image-78\" srcset=\"https:\/\/blogit.gradia.fi\/aee\/wp-content\/uploads\/sites\/189\/2023\/03\/Screenshot_20230305_170218_Twitter-1024x970.jpg 1024w, https:\/\/blogit.gradia.fi\/aee\/wp-content\/uploads\/sites\/189\/2023\/03\/Screenshot_20230305_170218_Twitter-300x284.jpg 300w, https:\/\/blogit.gradia.fi\/aee\/wp-content\/uploads\/sites\/189\/2023\/03\/Screenshot_20230305_170218_Twitter-768x727.jpg 768w, https:\/\/blogit.gradia.fi\/aee\/wp-content\/uploads\/sites\/189\/2023\/03\/Screenshot_20230305_170218_Twitter.jpg 1080w\" sizes=\"auto, (max-width: 1024px) 100vw, 1024px\" \/><\/figure>\n<\/figure>\n","protected":false},"excerpt":{"rendered":"<p>Hankkeen aikana opettajat saivat koulutusta et\u00e4opetuksen eri muodoista. T\u00e4ss\u00e4 muutamia tunnelmia.<\/p>\n","protected":false},"author":838,"featured_media":0,"comment_status":"open","ping_status":"open","sticky":false,"template":"","format":"standard","meta":{"_uag_custom_page_level_css":"","footnotes":""},"categories":[1],"tags":[],"class_list":["post-77","post","type-post","status-publish","format-standard","hentry","category-yleinen"],"yoast_head":"<!-- This site is optimized with the Yoast SEO plugin v27.5 - https:\/\/yoast.com\/product\/yoast-seo-wordpress\/ -->\n<title>Korona-ajan koulutuksia - Astetta enemm\u00e4n et\u00e4n\u00e4<\/title>\n<meta name=\"robots\" content=\"index, follow, max-snippet:-1, max-image-preview:large, max-video-preview:-1\" \/>\n<link rel=\"canonical\" href=\"https:\/\/blogit.gradia.fi\/aee\/2023\/03\/05\/korona-ajan-koulutuksia\/\" \/>\n<meta property=\"og:locale\" content=\"fi_FI\" \/>\n<meta property=\"og:type\" content=\"article\" \/>\n<meta property=\"og:title\" content=\"Korona-ajan koulutuksia - Astetta enemm\u00e4n et\u00e4n\u00e4\" \/>\n<meta property=\"og:description\" content=\"Hankkeen aikana opettajat saivat koulutusta et\u00e4opetuksen eri muodoista. T\u00e4ss\u00e4 muutamia tunnelmia.\" \/>\n<meta property=\"og:url\" content=\"https:\/\/blogit.gradia.fi\/aee\/2023\/03\/05\/korona-ajan-koulutuksia\/\" \/>\n<meta property=\"og:site_name\" content=\"Astetta enemm\u00e4n et\u00e4n\u00e4\" \/>\n<meta property=\"article:published_time\" content=\"2023-03-05T16:54:26+00:00\" \/>\n<meta property=\"article:modified_time\" content=\"2023-03-05T16:54:28+00:00\" \/>\n<meta property=\"og:image\" content=\"https:\/\/blogit.gradia.fi\/aee\/wp-content\/uploads\/sites\/189\/2023\/03\/Screenshot_20230305_170254_Twitter-1024x1008.jpg\" \/>\n<meta name=\"author\" content=\"Timo Ilom\u00e4ki\" \/>\n<meta name=\"twitter:card\" content=\"summary_large_image\" \/>\n<meta name=\"twitter:label1\" content=\"Kirjoittanut\" \/>\n\t<meta name=\"twitter:data1\" content=\"Timo Ilom\u00e4ki\" \/>\n\t<meta name=\"twitter:label2\" content=\"Arvioitu lukuaika\" \/>\n\t<meta name=\"twitter:data2\" content=\"1 minuutti\" \/>\n<script type=\"application\/ld+json\" class=\"yoast-schema-graph\">{\"@context\":\"https:\\\/\\\/schema.org\",\"@graph\":[{\"@type\":\"Article\",\"@id\":\"https:\\\/\\\/blogit.gradia.fi\\\/aee\\\/2023\\\/03\\\/05\\\/korona-ajan-koulutuksia\\\/#article\",\"isPartOf\":{\"@id\":\"https:\\\/\\\/blogit.gradia.fi\\\/aee\\\/2023\\\/03\\\/05\\\/korona-ajan-koulutuksia\\\/\"},\"author\":{\"name\":\"Timo Ilom\u00e4ki\",\"@id\":\"https:\\\/\\\/blogit.gradia.fi\\\/aee\\\/#\\\/schema\\\/person\\\/15b7a94311e94f532ad1d3b549484567\"},\"headline\":\"Korona-ajan koulutuksia\",\"datePublished\":\"2023-03-05T16:54:26+00:00\",\"dateModified\":\"2023-03-05T16:54:28+00:00\",\"mainEntityOfPage\":{\"@id\":\"https:\\\/\\\/blogit.gradia.fi\\\/aee\\\/2023\\\/03\\\/05\\\/korona-ajan-koulutuksia\\\/\"},\"wordCount\":15,\"commentCount\":0,\"image\":{\"@id\":\"https:\\\/\\\/blogit.gradia.fi\\\/aee\\\/2023\\\/03\\\/05\\\/korona-ajan-koulutuksia\\\/#primaryimage\"},\"thumbnailUrl\":\"https:\\\/\\\/blogit.gradia.fi\\\/aee\\\/wp-content\\\/uploads\\\/sites\\\/189\\\/2023\\\/03\\\/Screenshot_20230305_170254_Twitter-1024x1008.jpg\",\"inLanguage\":\"fi\",\"potentialAction\":[{\"@type\":\"CommentAction\",\"name\":\"Comment\",\"target\":[\"https:\\\/\\\/blogit.gradia.fi\\\/aee\\\/2023\\\/03\\\/05\\\/korona-ajan-koulutuksia\\\/#respond\"]}]},{\"@type\":\"WebPage\",\"@id\":\"https:\\\/\\\/blogit.gradia.fi\\\/aee\\\/2023\\\/03\\\/05\\\/korona-ajan-koulutuksia\\\/\",\"url\":\"https:\\\/\\\/blogit.gradia.fi\\\/aee\\\/2023\\\/03\\\/05\\\/korona-ajan-koulutuksia\\\/\",\"name\":\"Korona-ajan koulutuksia - Astetta enemm\u00e4n et\u00e4n\u00e4\",\"isPartOf\":{\"@id\":\"https:\\\/\\\/blogit.gradia.fi\\\/aee\\\/#website\"},\"primaryImageOfPage\":{\"@id\":\"https:\\\/\\\/blogit.gradia.fi\\\/aee\\\/2023\\\/03\\\/05\\\/korona-ajan-koulutuksia\\\/#primaryimage\"},\"image\":{\"@id\":\"https:\\\/\\\/blogit.gradia.fi\\\/aee\\\/2023\\\/03\\\/05\\\/korona-ajan-koulutuksia\\\/#primaryimage\"},\"thumbnailUrl\":\"https:\\\/\\\/blogit.gradia.fi\\\/aee\\\/wp-content\\\/uploads\\\/sites\\\/189\\\/2023\\\/03\\\/Screenshot_20230305_170254_Twitter-1024x1008.jpg\",\"datePublished\":\"2023-03-05T16:54:26+00:00\",\"dateModified\":\"2023-03-05T16:54:28+00:00\",\"author\":{\"@id\":\"https:\\\/\\\/blogit.gradia.fi\\\/aee\\\/#\\\/schema\\\/person\\\/15b7a94311e94f532ad1d3b549484567\"},\"breadcrumb\":{\"@id\":\"https:\\\/\\\/blogit.gradia.fi\\\/aee\\\/2023\\\/03\\\/05\\\/korona-ajan-koulutuksia\\\/#breadcrumb\"},\"inLanguage\":\"fi\",\"potentialAction\":[{\"@type\":\"ReadAction\",\"target\":[\"https:\\\/\\\/blogit.gradia.fi\\\/aee\\\/2023\\\/03\\\/05\\\/korona-ajan-koulutuksia\\\/\"]}]},{\"@type\":\"ImageObject\",\"inLanguage\":\"fi\",\"@id\":\"https:\\\/\\\/blogit.gradia.fi\\\/aee\\\/2023\\\/03\\\/05\\\/korona-ajan-koulutuksia\\\/#primaryimage\",\"url\":\"https:\\\/\\\/blogit.gradia.fi\\\/aee\\\/wp-content\\\/uploads\\\/sites\\\/189\\\/2023\\\/03\\\/Screenshot_20230305_170254_Twitter.jpg\",\"contentUrl\":\"https:\\\/\\\/blogit.gradia.fi\\\/aee\\\/wp-content\\\/uploads\\\/sites\\\/189\\\/2023\\\/03\\\/Screenshot_20230305_170254_Twitter.jpg\",\"width\":1080,\"height\":1063},{\"@type\":\"BreadcrumbList\",\"@id\":\"https:\\\/\\\/blogit.gradia.fi\\\/aee\\\/2023\\\/03\\\/05\\\/korona-ajan-koulutuksia\\\/#breadcrumb\",\"itemListElement\":[{\"@type\":\"ListItem\",\"position\":1,\"name\":\"Etusivu\",\"item\":\"https:\\\/\\\/blogit.gradia.fi\\\/aee\\\/\"},{\"@type\":\"ListItem\",\"position\":2,\"name\":\"Korona-ajan koulutuksia\"}]},{\"@type\":\"WebSite\",\"@id\":\"https:\\\/\\\/blogit.gradia.fi\\\/aee\\\/#website\",\"url\":\"https:\\\/\\\/blogit.gradia.fi\\\/aee\\\/\",\"name\":\"Astetta enemm\u00e4n et\u00e4n\u00e4\",\"description\":\"- monimuotoisesti tulevaisuuden lukiossa\",\"potentialAction\":[{\"@type\":\"SearchAction\",\"target\":{\"@type\":\"EntryPoint\",\"urlTemplate\":\"https:\\\/\\\/blogit.gradia.fi\\\/aee\\\/?s={search_term_string}\"},\"query-input\":{\"@type\":\"PropertyValueSpecification\",\"valueRequired\":true,\"valueName\":\"search_term_string\"}}],\"inLanguage\":\"fi\"},{\"@type\":\"Person\",\"@id\":\"https:\\\/\\\/blogit.gradia.fi\\\/aee\\\/#\\\/schema\\\/person\\\/15b7a94311e94f532ad1d3b549484567\",\"name\":\"Timo Ilom\u00e4ki\",\"image\":{\"@type\":\"ImageObject\",\"inLanguage\":\"fi\",\"@id\":\"https:\\\/\\\/secure.gravatar.com\\\/avatar\\\/4d03f53878eb0f105cc1b6d22984ac83394905ec49617adf730cade52c494792?s=96&d=mm&r=g\",\"url\":\"https:\\\/\\\/secure.gravatar.com\\\/avatar\\\/4d03f53878eb0f105cc1b6d22984ac83394905ec49617adf730cade52c494792?s=96&d=mm&r=g\",\"contentUrl\":\"https:\\\/\\\/secure.gravatar.com\\\/avatar\\\/4d03f53878eb0f105cc1b6d22984ac83394905ec49617adf730cade52c494792?s=96&d=mm&r=g\",\"caption\":\"Timo Ilom\u00e4ki\"},\"url\":\"https:\\\/\\\/blogit.gradia.fi\\\/aee\\\/author\\\/ilomatim\\\/\"}]}<\/script>\n<!-- \/ Yoast SEO plugin. -->","yoast_head_json":{"title":"Korona-ajan koulutuksia - Astetta enemm\u00e4n et\u00e4n\u00e4","robots":{"index":"index","follow":"follow","max-snippet":"max-snippet:-1","max-image-preview":"max-image-preview:large","max-video-preview":"max-video-preview:-1"},"canonical":"https:\/\/blogit.gradia.fi\/aee\/2023\/03\/05\/korona-ajan-koulutuksia\/","og_locale":"fi_FI","og_type":"article","og_title":"Korona-ajan koulutuksia - Astetta enemm\u00e4n et\u00e4n\u00e4","og_description":"Hankkeen aikana opettajat saivat koulutusta et\u00e4opetuksen eri muodoista. T\u00e4ss\u00e4 muutamia tunnelmia.","og_url":"https:\/\/blogit.gradia.fi\/aee\/2023\/03\/05\/korona-ajan-koulutuksia\/","og_site_name":"Astetta enemm\u00e4n et\u00e4n\u00e4","article_published_time":"2023-03-05T16:54:26+00:00","article_modified_time":"2023-03-05T16:54:28+00:00","og_image":[{"url":"https:\/\/blogit.gradia.fi\/aee\/wp-content\/uploads\/sites\/189\/2023\/03\/Screenshot_20230305_170254_Twitter-1024x1008.jpg","type":"","width":"","height":""}],"author":"Timo Ilom\u00e4ki","twitter_card":"summary_large_image","twitter_misc":{"Kirjoittanut":"Timo Ilom\u00e4ki","Arvioitu lukuaika":"1 minuutti"},"schema":{"@context":"https:\/\/schema.org","@graph":[{"@type":"Article","@id":"https:\/\/blogit.gradia.fi\/aee\/2023\/03\/05\/korona-ajan-koulutuksia\/#article","isPartOf":{"@id":"https:\/\/blogit.gradia.fi\/aee\/2023\/03\/05\/korona-ajan-koulutuksia\/"},"author":{"name":"Timo Ilom\u00e4ki","@id":"https:\/\/blogit.gradia.fi\/aee\/#\/schema\/person\/15b7a94311e94f532ad1d3b549484567"},"headline":"Korona-ajan koulutuksia","datePublished":"2023-03-05T16:54:26+00:00","dateModified":"2023-03-05T16:54:28+00:00","mainEntityOfPage":{"@id":"https:\/\/blogit.gradia.fi\/aee\/2023\/03\/05\/korona-ajan-koulutuksia\/"},"wordCount":15,"commentCount":0,"image":{"@id":"https:\/\/blogit.gradia.fi\/aee\/2023\/03\/05\/korona-ajan-koulutuksia\/#primaryimage"},"thumbnailUrl":"https:\/\/blogit.gradia.fi\/aee\/wp-content\/uploads\/sites\/189\/2023\/03\/Screenshot_20230305_170254_Twitter-1024x1008.jpg","inLanguage":"fi","potentialAction":[{"@type":"CommentAction","name":"Comment","target":["https:\/\/blogit.gradia.fi\/aee\/2023\/03\/05\/korona-ajan-koulutuksia\/#respond"]}]},{"@type":"WebPage","@id":"https:\/\/blogit.gradia.fi\/aee\/2023\/03\/05\/korona-ajan-koulutuksia\/","url":"https:\/\/blogit.gradia.fi\/aee\/2023\/03\/05\/korona-ajan-koulutuksia\/","name":"Korona-ajan koulutuksia - Astetta enemm\u00e4n et\u00e4n\u00e4","isPartOf":{"@id":"https:\/\/blogit.gradia.fi\/aee\/#website"},"primaryImageOfPage":{"@id":"https:\/\/blogit.gradia.fi\/aee\/2023\/03\/05\/korona-ajan-koulutuksia\/#primaryimage"},"image":{"@id":"https:\/\/blogit.gradia.fi\/aee\/2023\/03\/05\/korona-ajan-koulutuksia\/#primaryimage"},"thumbnailUrl":"https:\/\/blogit.gradia.fi\/aee\/wp-content\/uploads\/sites\/189\/2023\/03\/Screenshot_20230305_170254_Twitter-1024x1008.jpg","datePublished":"2023-03-05T16:54:26+00:00","dateModified":"2023-03-05T16:54:28+00:00","author":{"@id":"https:\/\/blogit.gradia.fi\/aee\/#\/schema\/person\/15b7a94311e94f532ad1d3b549484567"},"breadcrumb":{"@id":"https:\/\/blogit.gradia.fi\/aee\/2023\/03\/05\/korona-ajan-koulutuksia\/#breadcrumb"},"inLanguage":"fi","potentialAction":[{"@type":"ReadAction","target":["https:\/\/blogit.gradia.fi\/aee\/2023\/03\/05\/korona-ajan-koulutuksia\/"]}]},{"@type":"ImageObject","inLanguage":"fi","@id":"https:\/\/blogit.gradia.fi\/aee\/2023\/03\/05\/korona-ajan-koulutuksia\/#primaryimage","url":"https:\/\/blogit.gradia.fi\/aee\/wp-content\/uploads\/sites\/189\/2023\/03\/Screenshot_20230305_170254_Twitter.jpg","contentUrl":"https:\/\/blogit.gradia.fi\/aee\/wp-content\/uploads\/sites\/189\/2023\/03\/Screenshot_20230305_170254_Twitter.jpg","width":1080,"height":1063},{"@type":"BreadcrumbList","@id":"https:\/\/blogit.gradia.fi\/aee\/2023\/03\/05\/korona-ajan-koulutuksia\/#breadcrumb","itemListElement":[{"@type":"ListItem","position":1,"name":"Etusivu","item":"https:\/\/blogit.gradia.fi\/aee\/"},{"@type":"ListItem","position":2,"name":"Korona-ajan koulutuksia"}]},{"@type":"WebSite","@id":"https:\/\/blogit.gradia.fi\/aee\/#website","url":"https:\/\/blogit.gradia.fi\/aee\/","name":"Astetta enemm\u00e4n et\u00e4n\u00e4","description":"- monimuotoisesti tulevaisuuden lukiossa","potentialAction":[{"@type":"SearchAction","target":{"@type":"EntryPoint","urlTemplate":"https:\/\/blogit.gradia.fi\/aee\/?s={search_term_string}"},"query-input":{"@type":"PropertyValueSpecification","valueRequired":true,"valueName":"search_term_string"}}],"inLanguage":"fi"},{"@type":"Person","@id":"https:\/\/blogit.gradia.fi\/aee\/#\/schema\/person\/15b7a94311e94f532ad1d3b549484567","name":"Timo Ilom\u00e4ki","image":{"@type":"ImageObject","inLanguage":"fi","@id":"https:\/\/secure.gravatar.com\/avatar\/4d03f53878eb0f105cc1b6d22984ac83394905ec49617adf730cade52c494792?s=96&d=mm&r=g","url":"https:\/\/secure.gravatar.com\/avatar\/4d03f53878eb0f105cc1b6d22984ac83394905ec49617adf730cade52c494792?s=96&d=mm&r=g","contentUrl":"https:\/\/secure.gravatar.com\/avatar\/4d03f53878eb0f105cc1b6d22984ac83394905ec49617adf730cade52c494792?s=96&d=mm&r=g","caption":"Timo Ilom\u00e4ki"},"url":"https:\/\/blogit.gradia.fi\/aee\/author\/ilomatim\/"}]}},"uagb_featured_image_src":{"full":false,"thumbnail":false,"medium":false,"medium_large":false,"large":false,"1536x1536":false,"2048x2048":false,"thumb-small":false,"thumb-standard":false,"thumb-medium":false,"thumb-large":false,"thumb-xlarge":false,"thumb-xxlarge":false},"uagb_author_info":{"display_name":"Timo Ilom\u00e4ki","author_link":"https:\/\/blogit.gradia.fi\/aee\/author\/ilomatim\/"},"uagb_comment_info":0,"uagb_excerpt":"Hankkeen aikana opettajat saivat koulutusta et\u00e4opetuksen eri muodoista. T\u00e4ss\u00e4 muutamia tunnelmia.","_links":{"self":[{"href":"https:\/\/blogit.gradia.fi\/aee\/wp-json\/wp\/v2\/posts\/77","targetHints":{"allow":["GET"]}}],"collection":[{"href":"https:\/\/blogit.gradia.fi\/aee\/wp-json\/wp\/v2\/posts"}],"about":[{"href":"https:\/\/blogit.gradia.fi\/aee\/wp-json\/wp\/v2\/types\/post"}],"author":[{"embeddable":true,"href":"https:\/\/blogit.gradia.fi\/aee\/wp-json\/wp\/v2\/users\/838"}],"replies":[{"embeddable":true,"href":"https:\/\/blogit.gradia.fi\/aee\/wp-json\/wp\/v2\/comments?post=77"}],"version-history":[{"count":1,"href":"https:\/\/blogit.gradia.fi\/aee\/wp-json\/wp\/v2\/posts\/77\/revisions"}],"predecessor-version":[{"id":81,"href":"https:\/\/blogit.gradia.fi\/aee\/wp-json\/wp\/v2\/posts\/77\/revisions\/81"}],"wp:attachment":[{"href":"https:\/\/blogit.gradia.fi\/aee\/wp-json\/wp\/v2\/media?parent=77"}],"wp:term":[{"taxonomy":"category","embeddable":true,"href":"https:\/\/blogit.gradia.fi\/aee\/wp-json\/wp\/v2\/categories?post=77"},{"taxonomy":"post_tag","embeddable":true,"href":"https:\/\/blogit.gradia.fi\/aee\/wp-json\/wp\/v2\/tags?post=77"}],"curies":[{"name":"wp","href":"https:\/\/api.w.org\/{rel}","templated":true}]}}