{"id":58,"date":"2023-03-05T18:36:01","date_gmt":"2023-03-05T16:36:01","guid":{"rendered":"https:\/\/blogit.gradia.fi\/aee\/?p=58"},"modified":"2023-03-05T18:36:03","modified_gmt":"2023-03-05T16:36:03","slug":"opecast-hybridiopetus-vieraana-kirsi-silonsaari","status":"publish","type":"post","link":"https:\/\/blogit.gradia.fi\/aee\/2023\/03\/05\/opecast-hybridiopetus-vieraana-kirsi-silonsaari\/","title":{"rendered":"Opecast: Hybridiopetus. Vieraana Kirsi Silonsaari"},"content":{"rendered":"\n<p>Opecastin jakso <a href=\"https:\/\/shows.acast.com\/opecast\/episodes\/jakso-33-hybridiopetuksen-kokemukset-ja-tulevaisuus\">https:\/\/shows.acast.com\/opecast\/episodes\/jakso-33-hybridiopetuksen-kokemukset-ja-tulevaisuus<\/a><\/p>\n\n\n\n<figure class=\"wp-block-image size-large is-resized\"><img loading=\"lazy\" decoding=\"async\" src=\"https:\/\/blogit.gradia.fi\/aee\/wp-content\/uploads\/sites\/189\/2023\/03\/Screenshot_20230305_170344_Twitter-776x1024.jpg\" alt=\"\" class=\"wp-image-59\" width=\"745\" height=\"983\" srcset=\"https:\/\/blogit.gradia.fi\/aee\/wp-content\/uploads\/sites\/189\/2023\/03\/Screenshot_20230305_170344_Twitter-776x1024.jpg 776w, https:\/\/blogit.gradia.fi\/aee\/wp-content\/uploads\/sites\/189\/2023\/03\/Screenshot_20230305_170344_Twitter-227x300.jpg 227w, https:\/\/blogit.gradia.fi\/aee\/wp-content\/uploads\/sites\/189\/2023\/03\/Screenshot_20230305_170344_Twitter-768x1014.jpg 768w, https:\/\/blogit.gradia.fi\/aee\/wp-content\/uploads\/sites\/189\/2023\/03\/Screenshot_20230305_170344_Twitter.jpg 1058w\" sizes=\"auto, (max-width: 745px) 100vw, 745px\" \/><figcaption class=\"wp-element-caption\">Jarkko, Timo ja Kirsi keskustelemassa<\/figcaption><\/figure>\n","protected":false},"excerpt":{"rendered":"<p>Opecastin jakso https:\/\/shows.acast.com\/opecast\/episodes\/jakso-33-hybridiopetuksen-kokemukset-ja-tulevaisuus<\/p>\n","protected":false},"author":838,"featured_media":0,"comment_status":"open","ping_status":"open","sticky":false,"template":"","format":"standard","meta":{"_uag_custom_page_level_css":"","footnotes":""},"categories":[1],"tags":[],"class_list":["post-58","post","type-post","status-publish","format-standard","hentry","category-yleinen"],"yoast_head":"<!-- This site is optimized with the Yoast SEO plugin v27.5 - https:\/\/yoast.com\/product\/yoast-seo-wordpress\/ -->\n<title>Opecast: Hybridiopetus. Vieraana Kirsi Silonsaari - Astetta enemm\u00e4n et\u00e4n\u00e4<\/title>\n<meta name=\"robots\" content=\"index, follow, max-snippet:-1, max-image-preview:large, max-video-preview:-1\" \/>\n<link rel=\"canonical\" href=\"https:\/\/blogit.gradia.fi\/aee\/2023\/03\/05\/opecast-hybridiopetus-vieraana-kirsi-silonsaari\/\" \/>\n<meta property=\"og:locale\" content=\"fi_FI\" \/>\n<meta property=\"og:type\" content=\"article\" \/>\n<meta property=\"og:title\" content=\"Opecast: Hybridiopetus. Vieraana Kirsi Silonsaari - Astetta enemm\u00e4n et\u00e4n\u00e4\" \/>\n<meta property=\"og:description\" content=\"Opecastin jakso https:\/\/shows.acast.com\/opecast\/episodes\/jakso-33-hybridiopetuksen-kokemukset-ja-tulevaisuus\" \/>\n<meta property=\"og:url\" content=\"https:\/\/blogit.gradia.fi\/aee\/2023\/03\/05\/opecast-hybridiopetus-vieraana-kirsi-silonsaari\/\" \/>\n<meta property=\"og:site_name\" content=\"Astetta enemm\u00e4n et\u00e4n\u00e4\" \/>\n<meta property=\"article:published_time\" content=\"2023-03-05T16:36:01+00:00\" \/>\n<meta property=\"article:modified_time\" content=\"2023-03-05T16:36:03+00:00\" \/>\n<meta property=\"og:image\" content=\"https:\/\/blogit.gradia.fi\/aee\/wp-content\/uploads\/sites\/189\/2023\/03\/Screenshot_20230305_170344_Twitter-776x1024.jpg\" \/>\n<meta name=\"author\" content=\"Timo Ilom\u00e4ki\" \/>\n<meta name=\"twitter:card\" content=\"summary_large_image\" \/>\n<meta name=\"twitter:label1\" content=\"Kirjoittanut\" \/>\n\t<meta name=\"twitter:data1\" content=\"Timo Ilom\u00e4ki\" \/>\n\t<meta name=\"twitter:label2\" content=\"Arvioitu lukuaika\" \/>\n\t<meta name=\"twitter:data2\" content=\"1 minuutti\" \/>\n<script type=\"application\/ld+json\" class=\"yoast-schema-graph\">{\"@context\":\"https:\\\/\\\/schema.org\",\"@graph\":[{\"@type\":\"Article\",\"@id\":\"https:\\\/\\\/blogit.gradia.fi\\\/aee\\\/2023\\\/03\\\/05\\\/opecast-hybridiopetus-vieraana-kirsi-silonsaari\\\/#article\",\"isPartOf\":{\"@id\":\"https:\\\/\\\/blogit.gradia.fi\\\/aee\\\/2023\\\/03\\\/05\\\/opecast-hybridiopetus-vieraana-kirsi-silonsaari\\\/\"},\"author\":{\"name\":\"Timo Ilom\u00e4ki\",\"@id\":\"https:\\\/\\\/blogit.gradia.fi\\\/aee\\\/#\\\/schema\\\/person\\\/15b7a94311e94f532ad1d3b549484567\"},\"headline\":\"Opecast: Hybridiopetus. Vieraana Kirsi Silonsaari\",\"datePublished\":\"2023-03-05T16:36:01+00:00\",\"dateModified\":\"2023-03-05T16:36:03+00:00\",\"mainEntityOfPage\":{\"@id\":\"https:\\\/\\\/blogit.gradia.fi\\\/aee\\\/2023\\\/03\\\/05\\\/opecast-hybridiopetus-vieraana-kirsi-silonsaari\\\/\"},\"wordCount\":20,\"commentCount\":0,\"image\":{\"@id\":\"https:\\\/\\\/blogit.gradia.fi\\\/aee\\\/2023\\\/03\\\/05\\\/opecast-hybridiopetus-vieraana-kirsi-silonsaari\\\/#primaryimage\"},\"thumbnailUrl\":\"https:\\\/\\\/blogit.gradia.fi\\\/aee\\\/wp-content\\\/uploads\\\/sites\\\/189\\\/2023\\\/03\\\/Screenshot_20230305_170344_Twitter-776x1024.jpg\",\"inLanguage\":\"fi\",\"potentialAction\":[{\"@type\":\"CommentAction\",\"name\":\"Comment\",\"target\":[\"https:\\\/\\\/blogit.gradia.fi\\\/aee\\\/2023\\\/03\\\/05\\\/opecast-hybridiopetus-vieraana-kirsi-silonsaari\\\/#respond\"]}]},{\"@type\":\"WebPage\",\"@id\":\"https:\\\/\\\/blogit.gradia.fi\\\/aee\\\/2023\\\/03\\\/05\\\/opecast-hybridiopetus-vieraana-kirsi-silonsaari\\\/\",\"url\":\"https:\\\/\\\/blogit.gradia.fi\\\/aee\\\/2023\\\/03\\\/05\\\/opecast-hybridiopetus-vieraana-kirsi-silonsaari\\\/\",\"name\":\"Opecast: Hybridiopetus. Vieraana Kirsi Silonsaari - Astetta enemm\u00e4n et\u00e4n\u00e4\",\"isPartOf\":{\"@id\":\"https:\\\/\\\/blogit.gradia.fi\\\/aee\\\/#website\"},\"primaryImageOfPage\":{\"@id\":\"https:\\\/\\\/blogit.gradia.fi\\\/aee\\\/2023\\\/03\\\/05\\\/opecast-hybridiopetus-vieraana-kirsi-silonsaari\\\/#primaryimage\"},\"image\":{\"@id\":\"https:\\\/\\\/blogit.gradia.fi\\\/aee\\\/2023\\\/03\\\/05\\\/opecast-hybridiopetus-vieraana-kirsi-silonsaari\\\/#primaryimage\"},\"thumbnailUrl\":\"https:\\\/\\\/blogit.gradia.fi\\\/aee\\\/wp-content\\\/uploads\\\/sites\\\/189\\\/2023\\\/03\\\/Screenshot_20230305_170344_Twitter-776x1024.jpg\",\"datePublished\":\"2023-03-05T16:36:01+00:00\",\"dateModified\":\"2023-03-05T16:36:03+00:00\",\"author\":{\"@id\":\"https:\\\/\\\/blogit.gradia.fi\\\/aee\\\/#\\\/schema\\\/person\\\/15b7a94311e94f532ad1d3b549484567\"},\"breadcrumb\":{\"@id\":\"https:\\\/\\\/blogit.gradia.fi\\\/aee\\\/2023\\\/03\\\/05\\\/opecast-hybridiopetus-vieraana-kirsi-silonsaari\\\/#breadcrumb\"},\"inLanguage\":\"fi\",\"potentialAction\":[{\"@type\":\"ReadAction\",\"target\":[\"https:\\\/\\\/blogit.gradia.fi\\\/aee\\\/2023\\\/03\\\/05\\\/opecast-hybridiopetus-vieraana-kirsi-silonsaari\\\/\"]}]},{\"@type\":\"ImageObject\",\"inLanguage\":\"fi\",\"@id\":\"https:\\\/\\\/blogit.gradia.fi\\\/aee\\\/2023\\\/03\\\/05\\\/opecast-hybridiopetus-vieraana-kirsi-silonsaari\\\/#primaryimage\",\"url\":\"https:\\\/\\\/blogit.gradia.fi\\\/aee\\\/wp-content\\\/uploads\\\/sites\\\/189\\\/2023\\\/03\\\/Screenshot_20230305_170344_Twitter.jpg\",\"contentUrl\":\"https:\\\/\\\/blogit.gradia.fi\\\/aee\\\/wp-content\\\/uploads\\\/sites\\\/189\\\/2023\\\/03\\\/Screenshot_20230305_170344_Twitter.jpg\",\"width\":1058,\"height\":1397},{\"@type\":\"BreadcrumbList\",\"@id\":\"https:\\\/\\\/blogit.gradia.fi\\\/aee\\\/2023\\\/03\\\/05\\\/opecast-hybridiopetus-vieraana-kirsi-silonsaari\\\/#breadcrumb\",\"itemListElement\":[{\"@type\":\"ListItem\",\"position\":1,\"name\":\"Etusivu\",\"item\":\"https:\\\/\\\/blogit.gradia.fi\\\/aee\\\/\"},{\"@type\":\"ListItem\",\"position\":2,\"name\":\"Opecast: Hybridiopetus. Vieraana Kirsi Silonsaari\"}]},{\"@type\":\"WebSite\",\"@id\":\"https:\\\/\\\/blogit.gradia.fi\\\/aee\\\/#website\",\"url\":\"https:\\\/\\\/blogit.gradia.fi\\\/aee\\\/\",\"name\":\"Astetta enemm\u00e4n et\u00e4n\u00e4\",\"description\":\"- monimuotoisesti tulevaisuuden lukiossa\",\"potentialAction\":[{\"@type\":\"SearchAction\",\"target\":{\"@type\":\"EntryPoint\",\"urlTemplate\":\"https:\\\/\\\/blogit.gradia.fi\\\/aee\\\/?s={search_term_string}\"},\"query-input\":{\"@type\":\"PropertyValueSpecification\",\"valueRequired\":true,\"valueName\":\"search_term_string\"}}],\"inLanguage\":\"fi\"},{\"@type\":\"Person\",\"@id\":\"https:\\\/\\\/blogit.gradia.fi\\\/aee\\\/#\\\/schema\\\/person\\\/15b7a94311e94f532ad1d3b549484567\",\"name\":\"Timo Ilom\u00e4ki\",\"image\":{\"@type\":\"ImageObject\",\"inLanguage\":\"fi\",\"@id\":\"https:\\\/\\\/secure.gravatar.com\\\/avatar\\\/4d03f53878eb0f105cc1b6d22984ac83394905ec49617adf730cade52c494792?s=96&d=mm&r=g\",\"url\":\"https:\\\/\\\/secure.gravatar.com\\\/avatar\\\/4d03f53878eb0f105cc1b6d22984ac83394905ec49617adf730cade52c494792?s=96&d=mm&r=g\",\"contentUrl\":\"https:\\\/\\\/secure.gravatar.com\\\/avatar\\\/4d03f53878eb0f105cc1b6d22984ac83394905ec49617adf730cade52c494792?s=96&d=mm&r=g\",\"caption\":\"Timo Ilom\u00e4ki\"},\"url\":\"https:\\\/\\\/blogit.gradia.fi\\\/aee\\\/author\\\/ilomatim\\\/\"}]}<\/script>\n<!-- \/ Yoast SEO plugin. -->","yoast_head_json":{"title":"Opecast: Hybridiopetus. Vieraana Kirsi Silonsaari - Astetta enemm\u00e4n et\u00e4n\u00e4","robots":{"index":"index","follow":"follow","max-snippet":"max-snippet:-1","max-image-preview":"max-image-preview:large","max-video-preview":"max-video-preview:-1"},"canonical":"https:\/\/blogit.gradia.fi\/aee\/2023\/03\/05\/opecast-hybridiopetus-vieraana-kirsi-silonsaari\/","og_locale":"fi_FI","og_type":"article","og_title":"Opecast: Hybridiopetus. Vieraana Kirsi Silonsaari - Astetta enemm\u00e4n et\u00e4n\u00e4","og_description":"Opecastin jakso https:\/\/shows.acast.com\/opecast\/episodes\/jakso-33-hybridiopetuksen-kokemukset-ja-tulevaisuus","og_url":"https:\/\/blogit.gradia.fi\/aee\/2023\/03\/05\/opecast-hybridiopetus-vieraana-kirsi-silonsaari\/","og_site_name":"Astetta enemm\u00e4n et\u00e4n\u00e4","article_published_time":"2023-03-05T16:36:01+00:00","article_modified_time":"2023-03-05T16:36:03+00:00","og_image":[{"url":"https:\/\/blogit.gradia.fi\/aee\/wp-content\/uploads\/sites\/189\/2023\/03\/Screenshot_20230305_170344_Twitter-776x1024.jpg","type":"","width":"","height":""}],"author":"Timo Ilom\u00e4ki","twitter_card":"summary_large_image","twitter_misc":{"Kirjoittanut":"Timo Ilom\u00e4ki","Arvioitu lukuaika":"1 minuutti"},"schema":{"@context":"https:\/\/schema.org","@graph":[{"@type":"Article","@id":"https:\/\/blogit.gradia.fi\/aee\/2023\/03\/05\/opecast-hybridiopetus-vieraana-kirsi-silonsaari\/#article","isPartOf":{"@id":"https:\/\/blogit.gradia.fi\/aee\/2023\/03\/05\/opecast-hybridiopetus-vieraana-kirsi-silonsaari\/"},"author":{"name":"Timo Ilom\u00e4ki","@id":"https:\/\/blogit.gradia.fi\/aee\/#\/schema\/person\/15b7a94311e94f532ad1d3b549484567"},"headline":"Opecast: Hybridiopetus. Vieraana Kirsi Silonsaari","datePublished":"2023-03-05T16:36:01+00:00","dateModified":"2023-03-05T16:36:03+00:00","mainEntityOfPage":{"@id":"https:\/\/blogit.gradia.fi\/aee\/2023\/03\/05\/opecast-hybridiopetus-vieraana-kirsi-silonsaari\/"},"wordCount":20,"commentCount":0,"image":{"@id":"https:\/\/blogit.gradia.fi\/aee\/2023\/03\/05\/opecast-hybridiopetus-vieraana-kirsi-silonsaari\/#primaryimage"},"thumbnailUrl":"https:\/\/blogit.gradia.fi\/aee\/wp-content\/uploads\/sites\/189\/2023\/03\/Screenshot_20230305_170344_Twitter-776x1024.jpg","inLanguage":"fi","potentialAction":[{"@type":"CommentAction","name":"Comment","target":["https:\/\/blogit.gradia.fi\/aee\/2023\/03\/05\/opecast-hybridiopetus-vieraana-kirsi-silonsaari\/#respond"]}]},{"@type":"WebPage","@id":"https:\/\/blogit.gradia.fi\/aee\/2023\/03\/05\/opecast-hybridiopetus-vieraana-kirsi-silonsaari\/","url":"https:\/\/blogit.gradia.fi\/aee\/2023\/03\/05\/opecast-hybridiopetus-vieraana-kirsi-silonsaari\/","name":"Opecast: Hybridiopetus. Vieraana Kirsi Silonsaari - Astetta enemm\u00e4n et\u00e4n\u00e4","isPartOf":{"@id":"https:\/\/blogit.gradia.fi\/aee\/#website"},"primaryImageOfPage":{"@id":"https:\/\/blogit.gradia.fi\/aee\/2023\/03\/05\/opecast-hybridiopetus-vieraana-kirsi-silonsaari\/#primaryimage"},"image":{"@id":"https:\/\/blogit.gradia.fi\/aee\/2023\/03\/05\/opecast-hybridiopetus-vieraana-kirsi-silonsaari\/#primaryimage"},"thumbnailUrl":"https:\/\/blogit.gradia.fi\/aee\/wp-content\/uploads\/sites\/189\/2023\/03\/Screenshot_20230305_170344_Twitter-776x1024.jpg","datePublished":"2023-03-05T16:36:01+00:00","dateModified":"2023-03-05T16:36:03+00:00","author":{"@id":"https:\/\/blogit.gradia.fi\/aee\/#\/schema\/person\/15b7a94311e94f532ad1d3b549484567"},"breadcrumb":{"@id":"https:\/\/blogit.gradia.fi\/aee\/2023\/03\/05\/opecast-hybridiopetus-vieraana-kirsi-silonsaari\/#breadcrumb"},"inLanguage":"fi","potentialAction":[{"@type":"ReadAction","target":["https:\/\/blogit.gradia.fi\/aee\/2023\/03\/05\/opecast-hybridiopetus-vieraana-kirsi-silonsaari\/"]}]},{"@type":"ImageObject","inLanguage":"fi","@id":"https:\/\/blogit.gradia.fi\/aee\/2023\/03\/05\/opecast-hybridiopetus-vieraana-kirsi-silonsaari\/#primaryimage","url":"https:\/\/blogit.gradia.fi\/aee\/wp-content\/uploads\/sites\/189\/2023\/03\/Screenshot_20230305_170344_Twitter.jpg","contentUrl":"https:\/\/blogit.gradia.fi\/aee\/wp-content\/uploads\/sites\/189\/2023\/03\/Screenshot_20230305_170344_Twitter.jpg","width":1058,"height":1397},{"@type":"BreadcrumbList","@id":"https:\/\/blogit.gradia.fi\/aee\/2023\/03\/05\/opecast-hybridiopetus-vieraana-kirsi-silonsaari\/#breadcrumb","itemListElement":[{"@type":"ListItem","position":1,"name":"Etusivu","item":"https:\/\/blogit.gradia.fi\/aee\/"},{"@type":"ListItem","position":2,"name":"Opecast: Hybridiopetus. Vieraana Kirsi Silonsaari"}]},{"@type":"WebSite","@id":"https:\/\/blogit.gradia.fi\/aee\/#website","url":"https:\/\/blogit.gradia.fi\/aee\/","name":"Astetta enemm\u00e4n et\u00e4n\u00e4","description":"- monimuotoisesti tulevaisuuden lukiossa","potentialAction":[{"@type":"SearchAction","target":{"@type":"EntryPoint","urlTemplate":"https:\/\/blogit.gradia.fi\/aee\/?s={search_term_string}"},"query-input":{"@type":"PropertyValueSpecification","valueRequired":true,"valueName":"search_term_string"}}],"inLanguage":"fi"},{"@type":"Person","@id":"https:\/\/blogit.gradia.fi\/aee\/#\/schema\/person\/15b7a94311e94f532ad1d3b549484567","name":"Timo Ilom\u00e4ki","image":{"@type":"ImageObject","inLanguage":"fi","@id":"https:\/\/secure.gravatar.com\/avatar\/4d03f53878eb0f105cc1b6d22984ac83394905ec49617adf730cade52c494792?s=96&d=mm&r=g","url":"https:\/\/secure.gravatar.com\/avatar\/4d03f53878eb0f105cc1b6d22984ac83394905ec49617adf730cade52c494792?s=96&d=mm&r=g","contentUrl":"https:\/\/secure.gravatar.com\/avatar\/4d03f53878eb0f105cc1b6d22984ac83394905ec49617adf730cade52c494792?s=96&d=mm&r=g","caption":"Timo Ilom\u00e4ki"},"url":"https:\/\/blogit.gradia.fi\/aee\/author\/ilomatim\/"}]}},"uagb_featured_image_src":{"full":false,"thumbnail":false,"medium":false,"medium_large":false,"large":false,"1536x1536":false,"2048x2048":false,"thumb-small":false,"thumb-standard":false,"thumb-medium":false,"thumb-large":false,"thumb-xlarge":false,"thumb-xxlarge":false},"uagb_author_info":{"display_name":"Timo Ilom\u00e4ki","author_link":"https:\/\/blogit.gradia.fi\/aee\/author\/ilomatim\/"},"uagb_comment_info":0,"uagb_excerpt":"Opecastin jakso https:\/\/shows.acast.com\/opecast\/episodes\/jakso-33-hybridiopetuksen-kokemukset-ja-tulevaisuus","_links":{"self":[{"href":"https:\/\/blogit.gradia.fi\/aee\/wp-json\/wp\/v2\/posts\/58","targetHints":{"allow":["GET"]}}],"collection":[{"href":"https:\/\/blogit.gradia.fi\/aee\/wp-json\/wp\/v2\/posts"}],"about":[{"href":"https:\/\/blogit.gradia.fi\/aee\/wp-json\/wp\/v2\/types\/post"}],"author":[{"embeddable":true,"href":"https:\/\/blogit.gradia.fi\/aee\/wp-json\/wp\/v2\/users\/838"}],"replies":[{"embeddable":true,"href":"https:\/\/blogit.gradia.fi\/aee\/wp-json\/wp\/v2\/comments?post=58"}],"version-history":[{"count":2,"href":"https:\/\/blogit.gradia.fi\/aee\/wp-json\/wp\/v2\/posts\/58\/revisions"}],"predecessor-version":[{"id":61,"href":"https:\/\/blogit.gradia.fi\/aee\/wp-json\/wp\/v2\/posts\/58\/revisions\/61"}],"wp:attachment":[{"href":"https:\/\/blogit.gradia.fi\/aee\/wp-json\/wp\/v2\/media?parent=58"}],"wp:term":[{"taxonomy":"category","embeddable":true,"href":"https:\/\/blogit.gradia.fi\/aee\/wp-json\/wp\/v2\/categories?post=58"},{"taxonomy":"post_tag","embeddable":true,"href":"https:\/\/blogit.gradia.fi\/aee\/wp-json\/wp\/v2\/tags?post=58"}],"curies":[{"name":"wp","href":"https:\/\/api.w.org\/{rel}","templated":true}]}}