{"id":31,"date":"2023-03-05T16:32:27","date_gmt":"2023-03-05T14:32:27","guid":{"rendered":"https:\/\/blogit.gradia.fi\/aee\/?p=31"},"modified":"2023-03-05T16:32:28","modified_gmt":"2023-03-05T14:32:28","slug":"astetta-enemman-etana-digioppimisen-areenalla","status":"publish","type":"post","link":"https:\/\/blogit.gradia.fi\/aee\/2023\/03\/05\/astetta-enemman-etana-digioppimisen-areenalla\/","title":{"rendered":"Astetta enemm\u00e4n et\u00e4n\u00e4 Digioppimisen areenalla"},"content":{"rendered":"\n<div data-wp-interactive=\"core\/file\" class=\"wp-block-file\"><object data-wp-bind--hidden=\"!state.hasPdfPreview\" hidden class=\"wp-block-file__embed\" data=\"https:\/\/blogit.gradia.fi\/aee\/wp-content\/uploads\/sites\/189\/2023\/03\/Astetta-enemman-etana_OPH_Digioppimisen-Areena-2022.pdf\" type=\"application\/pdf\" style=\"width:100%;height:600px\" aria-label=\"Tiedoston Astetta-enemman-etana_OPH_Digioppimisen-Areena-2022 upotus.\"><\/object><a id=\"wp-block-file--media-0037ae25-fe19-4ba5-a6e3-31c05a3d83e2\" href=\"https:\/\/blogit.gradia.fi\/aee\/wp-content\/uploads\/sites\/189\/2023\/03\/Astetta-enemman-etana_OPH_Digioppimisen-Areena-2022.pdf\">Astetta-enemman-etana_OPH_Digioppimisen-Areena-2022<\/a><a href=\"https:\/\/blogit.gradia.fi\/aee\/wp-content\/uploads\/sites\/189\/2023\/03\/Astetta-enemman-etana_OPH_Digioppimisen-Areena-2022.pdf\" class=\"wp-block-file__button wp-element-button\" download aria-describedby=\"wp-block-file--media-0037ae25-fe19-4ba5-a6e3-31c05a3d83e2\">Lataa<\/a><\/div>\n","protected":false},"excerpt":{"rendered":"","protected":false},"author":838,"featured_media":0,"comment_status":"open","ping_status":"open","sticky":false,"template":"","format":"standard","meta":{"_uag_custom_page_level_css":"","footnotes":""},"categories":[1],"tags":[],"class_list":["post-31","post","type-post","status-publish","format-standard","hentry","category-yleinen"],"yoast_head":"<!-- This site is optimized with the Yoast SEO plugin v27.5 - https:\/\/yoast.com\/product\/yoast-seo-wordpress\/ -->\n<title>Astetta enemm\u00e4n et\u00e4n\u00e4 Digioppimisen areenalla - Astetta enemm\u00e4n et\u00e4n\u00e4<\/title>\n<meta name=\"robots\" content=\"index, follow, max-snippet:-1, max-image-preview:large, max-video-preview:-1\" \/>\n<link rel=\"canonical\" href=\"https:\/\/blogit.gradia.fi\/aee\/2023\/03\/05\/astetta-enemman-etana-digioppimisen-areenalla\/\" \/>\n<meta property=\"og:locale\" content=\"fi_FI\" \/>\n<meta property=\"og:type\" content=\"article\" \/>\n<meta property=\"og:title\" content=\"Astetta enemm\u00e4n et\u00e4n\u00e4 Digioppimisen areenalla - Astetta enemm\u00e4n et\u00e4n\u00e4\" \/>\n<meta property=\"og:url\" content=\"https:\/\/blogit.gradia.fi\/aee\/2023\/03\/05\/astetta-enemman-etana-digioppimisen-areenalla\/\" \/>\n<meta property=\"og:site_name\" content=\"Astetta enemm\u00e4n et\u00e4n\u00e4\" \/>\n<meta property=\"article:published_time\" content=\"2023-03-05T14:32:27+00:00\" \/>\n<meta property=\"article:modified_time\" content=\"2023-03-05T14:32:28+00:00\" \/>\n<meta name=\"author\" content=\"Timo Ilom\u00e4ki\" \/>\n<meta name=\"twitter:card\" content=\"summary_large_image\" \/>\n<meta name=\"twitter:label1\" content=\"Kirjoittanut\" \/>\n\t<meta name=\"twitter:data1\" content=\"Timo Ilom\u00e4ki\" \/>\n\t<meta name=\"twitter:label2\" content=\"Arvioitu lukuaika\" \/>\n\t<meta name=\"twitter:data2\" content=\"1 minuutti\" \/>\n<script type=\"application\/ld+json\" class=\"yoast-schema-graph\">{\"@context\":\"https:\\\/\\\/schema.org\",\"@graph\":[{\"@type\":\"Article\",\"@id\":\"https:\\\/\\\/blogit.gradia.fi\\\/aee\\\/2023\\\/03\\\/05\\\/astetta-enemman-etana-digioppimisen-areenalla\\\/#article\",\"isPartOf\":{\"@id\":\"https:\\\/\\\/blogit.gradia.fi\\\/aee\\\/2023\\\/03\\\/05\\\/astetta-enemman-etana-digioppimisen-areenalla\\\/\"},\"author\":{\"name\":\"Timo Ilom\u00e4ki\",\"@id\":\"https:\\\/\\\/blogit.gradia.fi\\\/aee\\\/#\\\/schema\\\/person\\\/15b7a94311e94f532ad1d3b549484567\"},\"headline\":\"Astetta enemm\u00e4n et\u00e4n\u00e4 Digioppimisen areenalla\",\"datePublished\":\"2023-03-05T14:32:27+00:00\",\"dateModified\":\"2023-03-05T14:32:28+00:00\",\"mainEntityOfPage\":{\"@id\":\"https:\\\/\\\/blogit.gradia.fi\\\/aee\\\/2023\\\/03\\\/05\\\/astetta-enemman-etana-digioppimisen-areenalla\\\/\"},\"wordCount\":11,\"commentCount\":0,\"inLanguage\":\"fi\",\"potentialAction\":[{\"@type\":\"CommentAction\",\"name\":\"Comment\",\"target\":[\"https:\\\/\\\/blogit.gradia.fi\\\/aee\\\/2023\\\/03\\\/05\\\/astetta-enemman-etana-digioppimisen-areenalla\\\/#respond\"]}]},{\"@type\":\"WebPage\",\"@id\":\"https:\\\/\\\/blogit.gradia.fi\\\/aee\\\/2023\\\/03\\\/05\\\/astetta-enemman-etana-digioppimisen-areenalla\\\/\",\"url\":\"https:\\\/\\\/blogit.gradia.fi\\\/aee\\\/2023\\\/03\\\/05\\\/astetta-enemman-etana-digioppimisen-areenalla\\\/\",\"name\":\"Astetta enemm\u00e4n et\u00e4n\u00e4 Digioppimisen areenalla - Astetta enemm\u00e4n et\u00e4n\u00e4\",\"isPartOf\":{\"@id\":\"https:\\\/\\\/blogit.gradia.fi\\\/aee\\\/#website\"},\"datePublished\":\"2023-03-05T14:32:27+00:00\",\"dateModified\":\"2023-03-05T14:32:28+00:00\",\"author\":{\"@id\":\"https:\\\/\\\/blogit.gradia.fi\\\/aee\\\/#\\\/schema\\\/person\\\/15b7a94311e94f532ad1d3b549484567\"},\"breadcrumb\":{\"@id\":\"https:\\\/\\\/blogit.gradia.fi\\\/aee\\\/2023\\\/03\\\/05\\\/astetta-enemman-etana-digioppimisen-areenalla\\\/#breadcrumb\"},\"inLanguage\":\"fi\",\"potentialAction\":[{\"@type\":\"ReadAction\",\"target\":[\"https:\\\/\\\/blogit.gradia.fi\\\/aee\\\/2023\\\/03\\\/05\\\/astetta-enemman-etana-digioppimisen-areenalla\\\/\"]}]},{\"@type\":\"BreadcrumbList\",\"@id\":\"https:\\\/\\\/blogit.gradia.fi\\\/aee\\\/2023\\\/03\\\/05\\\/astetta-enemman-etana-digioppimisen-areenalla\\\/#breadcrumb\",\"itemListElement\":[{\"@type\":\"ListItem\",\"position\":1,\"name\":\"Etusivu\",\"item\":\"https:\\\/\\\/blogit.gradia.fi\\\/aee\\\/\"},{\"@type\":\"ListItem\",\"position\":2,\"name\":\"Astetta enemm\u00e4n et\u00e4n\u00e4 Digioppimisen areenalla\"}]},{\"@type\":\"WebSite\",\"@id\":\"https:\\\/\\\/blogit.gradia.fi\\\/aee\\\/#website\",\"url\":\"https:\\\/\\\/blogit.gradia.fi\\\/aee\\\/\",\"name\":\"Astetta enemm\u00e4n et\u00e4n\u00e4\",\"description\":\"- monimuotoisesti tulevaisuuden lukiossa\",\"potentialAction\":[{\"@type\":\"SearchAction\",\"target\":{\"@type\":\"EntryPoint\",\"urlTemplate\":\"https:\\\/\\\/blogit.gradia.fi\\\/aee\\\/?s={search_term_string}\"},\"query-input\":{\"@type\":\"PropertyValueSpecification\",\"valueRequired\":true,\"valueName\":\"search_term_string\"}}],\"inLanguage\":\"fi\"},{\"@type\":\"Person\",\"@id\":\"https:\\\/\\\/blogit.gradia.fi\\\/aee\\\/#\\\/schema\\\/person\\\/15b7a94311e94f532ad1d3b549484567\",\"name\":\"Timo Ilom\u00e4ki\",\"image\":{\"@type\":\"ImageObject\",\"inLanguage\":\"fi\",\"@id\":\"https:\\\/\\\/secure.gravatar.com\\\/avatar\\\/4d03f53878eb0f105cc1b6d22984ac83394905ec49617adf730cade52c494792?s=96&d=mm&r=g\",\"url\":\"https:\\\/\\\/secure.gravatar.com\\\/avatar\\\/4d03f53878eb0f105cc1b6d22984ac83394905ec49617adf730cade52c494792?s=96&d=mm&r=g\",\"contentUrl\":\"https:\\\/\\\/secure.gravatar.com\\\/avatar\\\/4d03f53878eb0f105cc1b6d22984ac83394905ec49617adf730cade52c494792?s=96&d=mm&r=g\",\"caption\":\"Timo Ilom\u00e4ki\"},\"url\":\"https:\\\/\\\/blogit.gradia.fi\\\/aee\\\/author\\\/ilomatim\\\/\"}]}<\/script>\n<!-- \/ Yoast SEO plugin. -->","yoast_head_json":{"title":"Astetta enemm\u00e4n et\u00e4n\u00e4 Digioppimisen areenalla - Astetta enemm\u00e4n et\u00e4n\u00e4","robots":{"index":"index","follow":"follow","max-snippet":"max-snippet:-1","max-image-preview":"max-image-preview:large","max-video-preview":"max-video-preview:-1"},"canonical":"https:\/\/blogit.gradia.fi\/aee\/2023\/03\/05\/astetta-enemman-etana-digioppimisen-areenalla\/","og_locale":"fi_FI","og_type":"article","og_title":"Astetta enemm\u00e4n et\u00e4n\u00e4 Digioppimisen areenalla - Astetta enemm\u00e4n et\u00e4n\u00e4","og_url":"https:\/\/blogit.gradia.fi\/aee\/2023\/03\/05\/astetta-enemman-etana-digioppimisen-areenalla\/","og_site_name":"Astetta enemm\u00e4n et\u00e4n\u00e4","article_published_time":"2023-03-05T14:32:27+00:00","article_modified_time":"2023-03-05T14:32:28+00:00","author":"Timo Ilom\u00e4ki","twitter_card":"summary_large_image","twitter_misc":{"Kirjoittanut":"Timo Ilom\u00e4ki","Arvioitu lukuaika":"1 minuutti"},"schema":{"@context":"https:\/\/schema.org","@graph":[{"@type":"Article","@id":"https:\/\/blogit.gradia.fi\/aee\/2023\/03\/05\/astetta-enemman-etana-digioppimisen-areenalla\/#article","isPartOf":{"@id":"https:\/\/blogit.gradia.fi\/aee\/2023\/03\/05\/astetta-enemman-etana-digioppimisen-areenalla\/"},"author":{"name":"Timo Ilom\u00e4ki","@id":"https:\/\/blogit.gradia.fi\/aee\/#\/schema\/person\/15b7a94311e94f532ad1d3b549484567"},"headline":"Astetta enemm\u00e4n et\u00e4n\u00e4 Digioppimisen areenalla","datePublished":"2023-03-05T14:32:27+00:00","dateModified":"2023-03-05T14:32:28+00:00","mainEntityOfPage":{"@id":"https:\/\/blogit.gradia.fi\/aee\/2023\/03\/05\/astetta-enemman-etana-digioppimisen-areenalla\/"},"wordCount":11,"commentCount":0,"inLanguage":"fi","potentialAction":[{"@type":"CommentAction","name":"Comment","target":["https:\/\/blogit.gradia.fi\/aee\/2023\/03\/05\/astetta-enemman-etana-digioppimisen-areenalla\/#respond"]}]},{"@type":"WebPage","@id":"https:\/\/blogit.gradia.fi\/aee\/2023\/03\/05\/astetta-enemman-etana-digioppimisen-areenalla\/","url":"https:\/\/blogit.gradia.fi\/aee\/2023\/03\/05\/astetta-enemman-etana-digioppimisen-areenalla\/","name":"Astetta enemm\u00e4n et\u00e4n\u00e4 Digioppimisen areenalla - Astetta enemm\u00e4n et\u00e4n\u00e4","isPartOf":{"@id":"https:\/\/blogit.gradia.fi\/aee\/#website"},"datePublished":"2023-03-05T14:32:27+00:00","dateModified":"2023-03-05T14:32:28+00:00","author":{"@id":"https:\/\/blogit.gradia.fi\/aee\/#\/schema\/person\/15b7a94311e94f532ad1d3b549484567"},"breadcrumb":{"@id":"https:\/\/blogit.gradia.fi\/aee\/2023\/03\/05\/astetta-enemman-etana-digioppimisen-areenalla\/#breadcrumb"},"inLanguage":"fi","potentialAction":[{"@type":"ReadAction","target":["https:\/\/blogit.gradia.fi\/aee\/2023\/03\/05\/astetta-enemman-etana-digioppimisen-areenalla\/"]}]},{"@type":"BreadcrumbList","@id":"https:\/\/blogit.gradia.fi\/aee\/2023\/03\/05\/astetta-enemman-etana-digioppimisen-areenalla\/#breadcrumb","itemListElement":[{"@type":"ListItem","position":1,"name":"Etusivu","item":"https:\/\/blogit.gradia.fi\/aee\/"},{"@type":"ListItem","position":2,"name":"Astetta enemm\u00e4n et\u00e4n\u00e4 Digioppimisen areenalla"}]},{"@type":"WebSite","@id":"https:\/\/blogit.gradia.fi\/aee\/#website","url":"https:\/\/blogit.gradia.fi\/aee\/","name":"Astetta enemm\u00e4n et\u00e4n\u00e4","description":"- monimuotoisesti tulevaisuuden lukiossa","potentialAction":[{"@type":"SearchAction","target":{"@type":"EntryPoint","urlTemplate":"https:\/\/blogit.gradia.fi\/aee\/?s={search_term_string}"},"query-input":{"@type":"PropertyValueSpecification","valueRequired":true,"valueName":"search_term_string"}}],"inLanguage":"fi"},{"@type":"Person","@id":"https:\/\/blogit.gradia.fi\/aee\/#\/schema\/person\/15b7a94311e94f532ad1d3b549484567","name":"Timo Ilom\u00e4ki","image":{"@type":"ImageObject","inLanguage":"fi","@id":"https:\/\/secure.gravatar.com\/avatar\/4d03f53878eb0f105cc1b6d22984ac83394905ec49617adf730cade52c494792?s=96&d=mm&r=g","url":"https:\/\/secure.gravatar.com\/avatar\/4d03f53878eb0f105cc1b6d22984ac83394905ec49617adf730cade52c494792?s=96&d=mm&r=g","contentUrl":"https:\/\/secure.gravatar.com\/avatar\/4d03f53878eb0f105cc1b6d22984ac83394905ec49617adf730cade52c494792?s=96&d=mm&r=g","caption":"Timo Ilom\u00e4ki"},"url":"https:\/\/blogit.gradia.fi\/aee\/author\/ilomatim\/"}]}},"uagb_featured_image_src":{"full":false,"thumbnail":false,"medium":false,"medium_large":false,"large":false,"1536x1536":false,"2048x2048":false,"thumb-small":false,"thumb-standard":false,"thumb-medium":false,"thumb-large":false,"thumb-xlarge":false,"thumb-xxlarge":false},"uagb_author_info":{"display_name":"Timo Ilom\u00e4ki","author_link":"https:\/\/blogit.gradia.fi\/aee\/author\/ilomatim\/"},"uagb_comment_info":0,"uagb_excerpt":null,"_links":{"self":[{"href":"https:\/\/blogit.gradia.fi\/aee\/wp-json\/wp\/v2\/posts\/31","targetHints":{"allow":["GET"]}}],"collection":[{"href":"https:\/\/blogit.gradia.fi\/aee\/wp-json\/wp\/v2\/posts"}],"about":[{"href":"https:\/\/blogit.gradia.fi\/aee\/wp-json\/wp\/v2\/types\/post"}],"author":[{"embeddable":true,"href":"https:\/\/blogit.gradia.fi\/aee\/wp-json\/wp\/v2\/users\/838"}],"replies":[{"embeddable":true,"href":"https:\/\/blogit.gradia.fi\/aee\/wp-json\/wp\/v2\/comments?post=31"}],"version-history":[{"count":1,"href":"https:\/\/blogit.gradia.fi\/aee\/wp-json\/wp\/v2\/posts\/31\/revisions"}],"predecessor-version":[{"id":33,"href":"https:\/\/blogit.gradia.fi\/aee\/wp-json\/wp\/v2\/posts\/31\/revisions\/33"}],"wp:attachment":[{"href":"https:\/\/blogit.gradia.fi\/aee\/wp-json\/wp\/v2\/media?parent=31"}],"wp:term":[{"taxonomy":"category","embeddable":true,"href":"https:\/\/blogit.gradia.fi\/aee\/wp-json\/wp\/v2\/categories?post=31"},{"taxonomy":"post_tag","embeddable":true,"href":"https:\/\/blogit.gradia.fi\/aee\/wp-json\/wp\/v2\/tags?post=31"}],"curies":[{"name":"wp","href":"https:\/\/api.w.org\/{rel}","templated":true}]}}