{"id":1,"date":"2021-01-15T13:12:55","date_gmt":"2021-01-15T11:12:55","guid":{"rendered":"https:\/\/blogit.gradia.fi\/aee\/?p=1"},"modified":"2021-02-01T11:49:03","modified_gmt":"2021-02-01T09:49:03","slug":"moikka-maailma","status":"publish","type":"post","link":"https:\/\/blogit.gradia.fi\/aee\/2021\/01\/15\/moikka-maailma\/","title":{"rendered":"Astetta enemm\u00e4n et\u00e4n\u00e4 -hanke esitt\u00e4ytyy"},"content":{"rendered":"<p><img loading=\"lazy\" decoding=\"async\" class=\"alignnone size-medium wp-image-9\" src=\"https:\/\/blogit.gradia.fi\/aee\/wp-content\/uploads\/sites\/189\/2021\/02\/OPH_rahoittaa_musta-300x290.png\" alt=\"\" width=\"300\" height=\"290\" srcset=\"https:\/\/blogit.gradia.fi\/aee\/wp-content\/uploads\/sites\/189\/2021\/02\/OPH_rahoittaa_musta-300x290.png 300w, https:\/\/blogit.gradia.fi\/aee\/wp-content\/uploads\/sites\/189\/2021\/02\/OPH_rahoittaa_musta.png 360w\" sizes=\"auto, (max-width: 300px) 100vw, 300px\" \/><\/p>\n<p>Hei kollegat,<\/p>\n<p>syksyll\u00e4 2020&nbsp;Jyv\u00e4skyl\u00e4n lukiokoulutuksessa on py\u00f6r\u00e4ht\u00e4nyt k\u00e4yntiin hanke, jonka tarkoituksena on luoda koordinoitu digioppimisen malli&nbsp;Gradia-lukioihin.&nbsp;<strong>Astetta enemm\u00e4n et\u00e4n\u00e4 \u2013 monimuotoisesti tulevaisuuden lukiossa<em>&nbsp;<\/em><\/strong>pyrkii siis luomaan puitteet erilaisille opetuksen ja oppimisen muodoille t\u00e4ss\u00e4 muuttuneessa ja yh\u00e4 muuttuvassa maailman tilanteessa.<\/p>\n<p>Hankkeen tavoitteena on mahdollistaa opiskelijan yksil\u00f6lliset opinpolut luomalla rakenne, joka on selke\u00e4, joustava ja ennen&nbsp;kaikkea pedagogisesti j\u00e4rkev\u00e4.&nbsp;<strong>L\u00e4hiopetus<\/strong>&nbsp;muodostaa siit\u00e4 edelleen suurimman osan, mutta koronapandemian my\u00f6t\u00e4 kaikille v\u00e4ist\u00e4m\u00e4tt\u00e4 tutuksi tullut&nbsp;<strong>et\u00e4opetus<\/strong>&nbsp;tulee mit\u00e4 suurimmalla todenn\u00e4k\u00f6isyydell\u00e4 my\u00f6s olemaan yksi tulevaisuuden pysyvist\u00e4 opetusmuodoista my\u00f6s p\u00e4iv\u00e4lukioissa.<\/p>\n<p>T\u00e4n\u00e4 syksyn\u00e4 olemme&nbsp;puolestaan&nbsp;olleet sellaisen tilanteen edess\u00e4, jossa opiskelijoita on kahdessa eri \u201dopetustilassa\u201d \u2013 fyysisess\u00e4 luokkahuoneessa ja et\u00e4n\u00e4 Teams- tai Moodle-luokkahuoneessa. T\u00e4m\u00e4&nbsp;<strong>hybridiopetus<\/strong>&nbsp;tarjoaa paljon haasteita ja huoliakin, mutta my\u00f6s paljon&nbsp;etuja&nbsp;ja&nbsp;mahdollisuuksia.<\/p>\n<p><strong>Monimuoto-opetus<\/strong>kokeiluita on lukiossamme tehty jo pitk\u00e4\u00e4n ja tullaan tekem\u00e4\u00e4n my\u00f6s t\u00e4n\u00e4 lukuvuonna. Toive opetuksen j\u00e4rjest\u00e4miseen monimuotoisesti \u2013 luokassa, et\u00e4n\u00e4, itsen\u00e4isesti \u2013 on ollut pedagoginen, sill\u00e4 joillain kursseilla&nbsp;et\u00e4- ja\/tai itsen\u00e4inen opiskelu sopivat kurssin opetussuunnitelman m\u00e4\u00e4ritt\u00e4miin sis\u00e4lt\u00f6ihin luontevasti.<\/p>\n<p>Verkkokurssit (uudessa opetussuunnitelmassa <strong>verkko-opintojaksot<\/strong>) ovat jo vuosia olleet lukio-opiskelijoille yksi merkitt\u00e4v\u00e4 tapa suorittaa opintoja joustavasti ja yksil\u00f6lliset opiskelutarpeet huomioiden. Lukioiden verkko-opintojaksojen kehitt\u00e4minen on t\u00e4rke\u00e4\u00e4, jotta voimme tulevaisuudessakin tarjota opiskelijoillemme laadukkaita verkko-opintoja.<\/p>\n<p>Kuten huomaatte, kaikki n\u00e4m\u00e4 erilaiset opetuksen ja oppimisen muodot ovat meill\u00e4 jo k\u00e4yt\u00f6ss\u00e4. Hankkeen tarkoituksena onkin edesauttaa n\u00e4iden erilaisten opetusmuotojen kehitt\u00e4mist\u00e4 sellaiseksi kokonaisuudeksi, joka parhaiten palvelee opiskelijoita.&nbsp;Esimerkiksi hybridiopetus ja et\u00e4opetus kuormittavat eri tavalla&nbsp;ja edellytt\u00e4v\u00e4t my\u00f6s pedagogiikan kehitt\u00e4mist\u00e4. T\u00e4h\u00e4n my\u00f6s tulemme hankkeen kautta tarjoamaan halukkaille mahdollisuuksia, esimerkiksi koulutusten muodossa.<\/p>\n<p>Jos pohdimme, mit\u00e4 muita edellytyksi\u00e4&nbsp;<strong>pedagogiikan ja opettajan ammattitaidon<\/strong>&nbsp;ohella hybridiopetuksessa on, on selv\u00e4\u00e4, ett\u00e4 ilman toimivia, tarkoitukseen suunniteltuja&nbsp;<strong>laitteita<\/strong>&nbsp;ei kukaan voi toteuttaa opetusta tavoitteen mukaisesti. Molemmille&nbsp;Gradia-lukiokampuksille tullaankin kev\u00e4\u00e4n aikana varustamaan&nbsp;<strong>luokkatiloja, jotka on suunniteltu hybridiopetuksen tarpeisiin<\/strong>. Jo nyt meill\u00e4 on testiss\u00e4&nbsp;<strong>kattomikrofoni <\/strong>(luokassa VN.B1.214), jonka avulla online-yhteyden p\u00e4\u00e4ss\u00e4 olevat kuulevat luokassa k\u00e4ydyn keskustelun ja my\u00f6s takarivin opiskelijoiden puheen, mihin nykyiset konferenssimikit eiv\u00e4t kykene.<\/p>\n<p>Olemme hankkeessa hyvin tietoisia siit\u00e4, ett\u00e4 viime syksy oli raskas, uusi rakennemalli puhuttaa ja hybridiopetus kuulostaa mahdottomalta teht\u00e4v\u00e4lt\u00e4 n\u00e4ill\u00e4 resursseilla. T\u00e4m\u00e4n hankkeen tarkoitus ei kuitenkaan miss\u00e4\u00e4n nimess\u00e4 ole lis\u00e4t\u00e4 kenenk\u00e4\u00e4n kuormitusta. P\u00e4invastoin pyrimme helpottamaan sit\u00e4 tarjoamalla<\/p>\n<p>&#8211;&nbsp;<strong>laitteita<\/strong>, jotka tukevat sit\u00e4, miten sin\u00e4 haluat opetustasi toteuttaa<\/p>\n<p>&#8211;&nbsp;pedagogista&nbsp;<strong>koulutusta<\/strong>&nbsp;hybridi- ja et\u00e4opetuksen toteuttamisen tueksi<\/p>\n<p>&#8211;&nbsp;<strong>vertaistukea ja vinkkej\u00e4<\/strong>&nbsp;jaettavaksi aineryhmiss\u00e4 ja oppiainerajojen yli.<\/p>\n<p><span style=\"font-style: inherit !important;font-weight: inherit !important\">Jos t\u00e4m\u00e4 viesti nosti esiin kysymyksi\u00e4 tai toiveita, voit toki kertoa niit\u00e4 jo nyt s\u00e4hk\u00f6postitse tai nyk\u00e4isem\u00e4ll\u00e4 hihasta ket\u00e4 tahansa hankkeemme ty\u00f6ntekij\u00e4\u00e4.&nbsp;<\/span><\/p>\n<p>Tsemppi\u00e4 kev\u00e4tlukukauteen&nbsp;toivottaen,<\/p>\n<p>Astetta enemm\u00e4n et\u00e4n\u00e4 -tiimi:&nbsp;Kirsi Silonsaari, Katariina Wickstr\u00f6m, Jarkko Helin, Henri Jaakkola ja Jarkko Sairanen<\/p>\n","protected":false},"excerpt":{"rendered":"<p>Hei kollegat, syksyll\u00e4 2020&nbsp;Jyv\u00e4skyl\u00e4n lukiokoulutuksessa on py\u00f6r\u00e4ht\u00e4nyt k\u00e4yntiin hanke, jonka tarkoituksena on luoda koordinoitu digioppimisen malli&nbsp;Gradia-lukioihin.&nbsp;Astetta enemm\u00e4n et\u00e4n\u00e4 \u2013 monimuotoisesti tulevaisuuden lukiossa&nbsp;pyrkii siis luomaan puitteet erilaisille opetuksen ja oppimisen muodoille t\u00e4ss\u00e4 muuttuneessa ja yh\u00e4&#46;&#46;&#46;<\/p>\n","protected":false},"author":722,"featured_media":0,"comment_status":"open","ping_status":"open","sticky":false,"template":"","format":"standard","meta":{"_uag_custom_page_level_css":"","footnotes":""},"categories":[1],"tags":[],"class_list":["post-1","post","type-post","status-publish","format-standard","hentry","category-yleinen"],"yoast_head":"<!-- This site is optimized with the Yoast SEO plugin v27.5 - https:\/\/yoast.com\/product\/yoast-seo-wordpress\/ -->\n<title>Astetta enemm\u00e4n et\u00e4n\u00e4 -hanke esitt\u00e4ytyy - Astetta enemm\u00e4n et\u00e4n\u00e4<\/title>\n<meta name=\"robots\" content=\"index, follow, max-snippet:-1, max-image-preview:large, max-video-preview:-1\" \/>\n<link rel=\"canonical\" href=\"https:\/\/blogit.gradia.fi\/aee\/2021\/01\/15\/moikka-maailma\/\" \/>\n<meta property=\"og:locale\" content=\"fi_FI\" \/>\n<meta property=\"og:type\" content=\"article\" \/>\n<meta property=\"og:title\" content=\"Astetta enemm\u00e4n et\u00e4n\u00e4 -hanke esitt\u00e4ytyy - Astetta enemm\u00e4n et\u00e4n\u00e4\" \/>\n<meta property=\"og:description\" content=\"Hei kollegat, syksyll\u00e4 2020&nbsp;Jyv\u00e4skyl\u00e4n lukiokoulutuksessa on py\u00f6r\u00e4ht\u00e4nyt k\u00e4yntiin hanke, jonka tarkoituksena on luoda koordinoitu digioppimisen malli&nbsp;Gradia-lukioihin.&nbsp;Astetta enemm\u00e4n et\u00e4n\u00e4 \u2013 monimuotoisesti tulevaisuuden lukiossa&nbsp;pyrkii siis luomaan puitteet erilaisille opetuksen ja oppimisen muodoille t\u00e4ss\u00e4 muuttuneessa ja yh\u00e4&#046;&#046;&#046;\" \/>\n<meta property=\"og:url\" content=\"https:\/\/blogit.gradia.fi\/aee\/2021\/01\/15\/moikka-maailma\/\" \/>\n<meta property=\"og:site_name\" content=\"Astetta enemm\u00e4n et\u00e4n\u00e4\" \/>\n<meta property=\"article:published_time\" content=\"2021-01-15T11:12:55+00:00\" \/>\n<meta property=\"article:modified_time\" content=\"2021-02-01T09:49:03+00:00\" \/>\n<meta property=\"og:image\" content=\"https:\/\/blogit.gradia.fi\/aee\/wp-content\/uploads\/sites\/189\/2021\/02\/OPH_rahoittaa_musta-300x290.png\" \/>\n<meta name=\"author\" content=\"Kirsi Silonsaari\" \/>\n<meta name=\"twitter:card\" content=\"summary_large_image\" \/>\n<meta name=\"twitter:label1\" content=\"Kirjoittanut\" \/>\n\t<meta name=\"twitter:data1\" content=\"Kirsi Silonsaari\" \/>\n\t<meta name=\"twitter:label2\" content=\"Arvioitu lukuaika\" \/>\n\t<meta name=\"twitter:data2\" content=\"2 minuuttia\" \/>\n<script type=\"application\/ld+json\" class=\"yoast-schema-graph\">{\"@context\":\"https:\\\/\\\/schema.org\",\"@graph\":[{\"@type\":\"Article\",\"@id\":\"https:\\\/\\\/blogit.gradia.fi\\\/aee\\\/2021\\\/01\\\/15\\\/moikka-maailma\\\/#article\",\"isPartOf\":{\"@id\":\"https:\\\/\\\/blogit.gradia.fi\\\/aee\\\/2021\\\/01\\\/15\\\/moikka-maailma\\\/\"},\"author\":{\"name\":\"Kirsi Silonsaari\",\"@id\":\"https:\\\/\\\/blogit.gradia.fi\\\/aee\\\/#\\\/schema\\\/person\\\/75d2ab295fbc72b1709399395269fc3e\"},\"headline\":\"Astetta enemm\u00e4n et\u00e4n\u00e4 -hanke esitt\u00e4ytyy\",\"datePublished\":\"2021-01-15T11:12:55+00:00\",\"dateModified\":\"2021-02-01T09:49:03+00:00\",\"mainEntityOfPage\":{\"@id\":\"https:\\\/\\\/blogit.gradia.fi\\\/aee\\\/2021\\\/01\\\/15\\\/moikka-maailma\\\/\"},\"wordCount\":530,\"commentCount\":0,\"image\":{\"@id\":\"https:\\\/\\\/blogit.gradia.fi\\\/aee\\\/2021\\\/01\\\/15\\\/moikka-maailma\\\/#primaryimage\"},\"thumbnailUrl\":\"https:\\\/\\\/blogit.gradia.fi\\\/aee\\\/wp-content\\\/uploads\\\/sites\\\/189\\\/2021\\\/02\\\/OPH_rahoittaa_musta-300x290.png\",\"inLanguage\":\"fi\",\"potentialAction\":[{\"@type\":\"CommentAction\",\"name\":\"Comment\",\"target\":[\"https:\\\/\\\/blogit.gradia.fi\\\/aee\\\/2021\\\/01\\\/15\\\/moikka-maailma\\\/#respond\"]}]},{\"@type\":\"WebPage\",\"@id\":\"https:\\\/\\\/blogit.gradia.fi\\\/aee\\\/2021\\\/01\\\/15\\\/moikka-maailma\\\/\",\"url\":\"https:\\\/\\\/blogit.gradia.fi\\\/aee\\\/2021\\\/01\\\/15\\\/moikka-maailma\\\/\",\"name\":\"Astetta enemm\u00e4n et\u00e4n\u00e4 -hanke esitt\u00e4ytyy - Astetta enemm\u00e4n et\u00e4n\u00e4\",\"isPartOf\":{\"@id\":\"https:\\\/\\\/blogit.gradia.fi\\\/aee\\\/#website\"},\"primaryImageOfPage\":{\"@id\":\"https:\\\/\\\/blogit.gradia.fi\\\/aee\\\/2021\\\/01\\\/15\\\/moikka-maailma\\\/#primaryimage\"},\"image\":{\"@id\":\"https:\\\/\\\/blogit.gradia.fi\\\/aee\\\/2021\\\/01\\\/15\\\/moikka-maailma\\\/#primaryimage\"},\"thumbnailUrl\":\"https:\\\/\\\/blogit.gradia.fi\\\/aee\\\/wp-content\\\/uploads\\\/sites\\\/189\\\/2021\\\/02\\\/OPH_rahoittaa_musta-300x290.png\",\"datePublished\":\"2021-01-15T11:12:55+00:00\",\"dateModified\":\"2021-02-01T09:49:03+00:00\",\"author\":{\"@id\":\"https:\\\/\\\/blogit.gradia.fi\\\/aee\\\/#\\\/schema\\\/person\\\/75d2ab295fbc72b1709399395269fc3e\"},\"breadcrumb\":{\"@id\":\"https:\\\/\\\/blogit.gradia.fi\\\/aee\\\/2021\\\/01\\\/15\\\/moikka-maailma\\\/#breadcrumb\"},\"inLanguage\":\"fi\",\"potentialAction\":[{\"@type\":\"ReadAction\",\"target\":[\"https:\\\/\\\/blogit.gradia.fi\\\/aee\\\/2021\\\/01\\\/15\\\/moikka-maailma\\\/\"]}]},{\"@type\":\"ImageObject\",\"inLanguage\":\"fi\",\"@id\":\"https:\\\/\\\/blogit.gradia.fi\\\/aee\\\/2021\\\/01\\\/15\\\/moikka-maailma\\\/#primaryimage\",\"url\":\"https:\\\/\\\/blogit.gradia.fi\\\/aee\\\/wp-content\\\/uploads\\\/sites\\\/189\\\/2021\\\/02\\\/OPH_rahoittaa_musta.png\",\"contentUrl\":\"https:\\\/\\\/blogit.gradia.fi\\\/aee\\\/wp-content\\\/uploads\\\/sites\\\/189\\\/2021\\\/02\\\/OPH_rahoittaa_musta.png\",\"width\":360,\"height\":348},{\"@type\":\"BreadcrumbList\",\"@id\":\"https:\\\/\\\/blogit.gradia.fi\\\/aee\\\/2021\\\/01\\\/15\\\/moikka-maailma\\\/#breadcrumb\",\"itemListElement\":[{\"@type\":\"ListItem\",\"position\":1,\"name\":\"Etusivu\",\"item\":\"https:\\\/\\\/blogit.gradia.fi\\\/aee\\\/\"},{\"@type\":\"ListItem\",\"position\":2,\"name\":\"Astetta enemm\u00e4n et\u00e4n\u00e4 -hanke esitt\u00e4ytyy\"}]},{\"@type\":\"WebSite\",\"@id\":\"https:\\\/\\\/blogit.gradia.fi\\\/aee\\\/#website\",\"url\":\"https:\\\/\\\/blogit.gradia.fi\\\/aee\\\/\",\"name\":\"Astetta enemm\u00e4n et\u00e4n\u00e4\",\"description\":\"- monimuotoisesti tulevaisuuden lukiossa\",\"potentialAction\":[{\"@type\":\"SearchAction\",\"target\":{\"@type\":\"EntryPoint\",\"urlTemplate\":\"https:\\\/\\\/blogit.gradia.fi\\\/aee\\\/?s={search_term_string}\"},\"query-input\":{\"@type\":\"PropertyValueSpecification\",\"valueRequired\":true,\"valueName\":\"search_term_string\"}}],\"inLanguage\":\"fi\"},{\"@type\":\"Person\",\"@id\":\"https:\\\/\\\/blogit.gradia.fi\\\/aee\\\/#\\\/schema\\\/person\\\/75d2ab295fbc72b1709399395269fc3e\",\"name\":\"Kirsi Silonsaari\",\"image\":{\"@type\":\"ImageObject\",\"inLanguage\":\"fi\",\"@id\":\"https:\\\/\\\/secure.gravatar.com\\\/avatar\\\/e89274f5a78ed14723d81fb5a0f30f1fca3e7593226c9966faa31769b674fc33?s=96&d=mm&r=g\",\"url\":\"https:\\\/\\\/secure.gravatar.com\\\/avatar\\\/e89274f5a78ed14723d81fb5a0f30f1fca3e7593226c9966faa31769b674fc33?s=96&d=mm&r=g\",\"contentUrl\":\"https:\\\/\\\/secure.gravatar.com\\\/avatar\\\/e89274f5a78ed14723d81fb5a0f30f1fca3e7593226c9966faa31769b674fc33?s=96&d=mm&r=g\",\"caption\":\"Kirsi Silonsaari\"},\"url\":\"https:\\\/\\\/blogit.gradia.fi\\\/aee\\\/author\\\/silonkir\\\/\"}]}<\/script>\n<!-- \/ Yoast SEO plugin. -->","yoast_head_json":{"title":"Astetta enemm\u00e4n et\u00e4n\u00e4 -hanke esitt\u00e4ytyy - Astetta enemm\u00e4n et\u00e4n\u00e4","robots":{"index":"index","follow":"follow","max-snippet":"max-snippet:-1","max-image-preview":"max-image-preview:large","max-video-preview":"max-video-preview:-1"},"canonical":"https:\/\/blogit.gradia.fi\/aee\/2021\/01\/15\/moikka-maailma\/","og_locale":"fi_FI","og_type":"article","og_title":"Astetta enemm\u00e4n et\u00e4n\u00e4 -hanke esitt\u00e4ytyy - Astetta enemm\u00e4n et\u00e4n\u00e4","og_description":"Hei kollegat, syksyll\u00e4 2020&nbsp;Jyv\u00e4skyl\u00e4n lukiokoulutuksessa on py\u00f6r\u00e4ht\u00e4nyt k\u00e4yntiin hanke, jonka tarkoituksena on luoda koordinoitu digioppimisen malli&nbsp;Gradia-lukioihin.&nbsp;Astetta enemm\u00e4n et\u00e4n\u00e4 \u2013 monimuotoisesti tulevaisuuden lukiossa&nbsp;pyrkii siis luomaan puitteet erilaisille opetuksen ja oppimisen muodoille t\u00e4ss\u00e4 muuttuneessa ja yh\u00e4&#46;&#46;&#46;","og_url":"https:\/\/blogit.gradia.fi\/aee\/2021\/01\/15\/moikka-maailma\/","og_site_name":"Astetta enemm\u00e4n et\u00e4n\u00e4","article_published_time":"2021-01-15T11:12:55+00:00","article_modified_time":"2021-02-01T09:49:03+00:00","og_image":[{"url":"https:\/\/blogit.gradia.fi\/aee\/wp-content\/uploads\/sites\/189\/2021\/02\/OPH_rahoittaa_musta-300x290.png","type":"","width":"","height":""}],"author":"Kirsi Silonsaari","twitter_card":"summary_large_image","twitter_misc":{"Kirjoittanut":"Kirsi Silonsaari","Arvioitu lukuaika":"2 minuuttia"},"schema":{"@context":"https:\/\/schema.org","@graph":[{"@type":"Article","@id":"https:\/\/blogit.gradia.fi\/aee\/2021\/01\/15\/moikka-maailma\/#article","isPartOf":{"@id":"https:\/\/blogit.gradia.fi\/aee\/2021\/01\/15\/moikka-maailma\/"},"author":{"name":"Kirsi Silonsaari","@id":"https:\/\/blogit.gradia.fi\/aee\/#\/schema\/person\/75d2ab295fbc72b1709399395269fc3e"},"headline":"Astetta enemm\u00e4n et\u00e4n\u00e4 -hanke esitt\u00e4ytyy","datePublished":"2021-01-15T11:12:55+00:00","dateModified":"2021-02-01T09:49:03+00:00","mainEntityOfPage":{"@id":"https:\/\/blogit.gradia.fi\/aee\/2021\/01\/15\/moikka-maailma\/"},"wordCount":530,"commentCount":0,"image":{"@id":"https:\/\/blogit.gradia.fi\/aee\/2021\/01\/15\/moikka-maailma\/#primaryimage"},"thumbnailUrl":"https:\/\/blogit.gradia.fi\/aee\/wp-content\/uploads\/sites\/189\/2021\/02\/OPH_rahoittaa_musta-300x290.png","inLanguage":"fi","potentialAction":[{"@type":"CommentAction","name":"Comment","target":["https:\/\/blogit.gradia.fi\/aee\/2021\/01\/15\/moikka-maailma\/#respond"]}]},{"@type":"WebPage","@id":"https:\/\/blogit.gradia.fi\/aee\/2021\/01\/15\/moikka-maailma\/","url":"https:\/\/blogit.gradia.fi\/aee\/2021\/01\/15\/moikka-maailma\/","name":"Astetta enemm\u00e4n et\u00e4n\u00e4 -hanke esitt\u00e4ytyy - Astetta enemm\u00e4n et\u00e4n\u00e4","isPartOf":{"@id":"https:\/\/blogit.gradia.fi\/aee\/#website"},"primaryImageOfPage":{"@id":"https:\/\/blogit.gradia.fi\/aee\/2021\/01\/15\/moikka-maailma\/#primaryimage"},"image":{"@id":"https:\/\/blogit.gradia.fi\/aee\/2021\/01\/15\/moikka-maailma\/#primaryimage"},"thumbnailUrl":"https:\/\/blogit.gradia.fi\/aee\/wp-content\/uploads\/sites\/189\/2021\/02\/OPH_rahoittaa_musta-300x290.png","datePublished":"2021-01-15T11:12:55+00:00","dateModified":"2021-02-01T09:49:03+00:00","author":{"@id":"https:\/\/blogit.gradia.fi\/aee\/#\/schema\/person\/75d2ab295fbc72b1709399395269fc3e"},"breadcrumb":{"@id":"https:\/\/blogit.gradia.fi\/aee\/2021\/01\/15\/moikka-maailma\/#breadcrumb"},"inLanguage":"fi","potentialAction":[{"@type":"ReadAction","target":["https:\/\/blogit.gradia.fi\/aee\/2021\/01\/15\/moikka-maailma\/"]}]},{"@type":"ImageObject","inLanguage":"fi","@id":"https:\/\/blogit.gradia.fi\/aee\/2021\/01\/15\/moikka-maailma\/#primaryimage","url":"https:\/\/blogit.gradia.fi\/aee\/wp-content\/uploads\/sites\/189\/2021\/02\/OPH_rahoittaa_musta.png","contentUrl":"https:\/\/blogit.gradia.fi\/aee\/wp-content\/uploads\/sites\/189\/2021\/02\/OPH_rahoittaa_musta.png","width":360,"height":348},{"@type":"BreadcrumbList","@id":"https:\/\/blogit.gradia.fi\/aee\/2021\/01\/15\/moikka-maailma\/#breadcrumb","itemListElement":[{"@type":"ListItem","position":1,"name":"Etusivu","item":"https:\/\/blogit.gradia.fi\/aee\/"},{"@type":"ListItem","position":2,"name":"Astetta enemm\u00e4n et\u00e4n\u00e4 -hanke esitt\u00e4ytyy"}]},{"@type":"WebSite","@id":"https:\/\/blogit.gradia.fi\/aee\/#website","url":"https:\/\/blogit.gradia.fi\/aee\/","name":"Astetta enemm\u00e4n et\u00e4n\u00e4","description":"- monimuotoisesti tulevaisuuden lukiossa","potentialAction":[{"@type":"SearchAction","target":{"@type":"EntryPoint","urlTemplate":"https:\/\/blogit.gradia.fi\/aee\/?s={search_term_string}"},"query-input":{"@type":"PropertyValueSpecification","valueRequired":true,"valueName":"search_term_string"}}],"inLanguage":"fi"},{"@type":"Person","@id":"https:\/\/blogit.gradia.fi\/aee\/#\/schema\/person\/75d2ab295fbc72b1709399395269fc3e","name":"Kirsi Silonsaari","image":{"@type":"ImageObject","inLanguage":"fi","@id":"https:\/\/secure.gravatar.com\/avatar\/e89274f5a78ed14723d81fb5a0f30f1fca3e7593226c9966faa31769b674fc33?s=96&d=mm&r=g","url":"https:\/\/secure.gravatar.com\/avatar\/e89274f5a78ed14723d81fb5a0f30f1fca3e7593226c9966faa31769b674fc33?s=96&d=mm&r=g","contentUrl":"https:\/\/secure.gravatar.com\/avatar\/e89274f5a78ed14723d81fb5a0f30f1fca3e7593226c9966faa31769b674fc33?s=96&d=mm&r=g","caption":"Kirsi Silonsaari"},"url":"https:\/\/blogit.gradia.fi\/aee\/author\/silonkir\/"}]}},"uagb_featured_image_src":{"full":false,"thumbnail":false,"medium":false,"medium_large":false,"large":false,"1536x1536":false,"2048x2048":false,"thumb-small":false,"thumb-standard":false,"thumb-medium":false,"thumb-large":false,"thumb-xlarge":false,"thumb-xxlarge":false},"uagb_author_info":{"display_name":"Kirsi Silonsaari","author_link":"https:\/\/blogit.gradia.fi\/aee\/author\/silonkir\/"},"uagb_comment_info":0,"uagb_excerpt":"Hei kollegat, syksyll\u00e4 2020&nbsp;Jyv\u00e4skyl\u00e4n lukiokoulutuksessa on py\u00f6r\u00e4ht\u00e4nyt k\u00e4yntiin hanke, jonka tarkoituksena on luoda koordinoitu digioppimisen malli&nbsp;Gradia-lukioihin.&nbsp;Astetta enemm\u00e4n et\u00e4n\u00e4 \u2013 monimuotoisesti tulevaisuuden lukiossa&nbsp;pyrkii siis luomaan puitteet erilaisille opetuksen ja oppimisen muodoille t\u00e4ss\u00e4 muuttuneessa ja yh\u00e4&#46;&#46;&#46;","_links":{"self":[{"href":"https:\/\/blogit.gradia.fi\/aee\/wp-json\/wp\/v2\/posts\/1","targetHints":{"allow":["GET"]}}],"collection":[{"href":"https:\/\/blogit.gradia.fi\/aee\/wp-json\/wp\/v2\/posts"}],"about":[{"href":"https:\/\/blogit.gradia.fi\/aee\/wp-json\/wp\/v2\/types\/post"}],"author":[{"embeddable":true,"href":"https:\/\/blogit.gradia.fi\/aee\/wp-json\/wp\/v2\/users\/722"}],"replies":[{"embeddable":true,"href":"https:\/\/blogit.gradia.fi\/aee\/wp-json\/wp\/v2\/comments?post=1"}],"version-history":[{"count":3,"href":"https:\/\/blogit.gradia.fi\/aee\/wp-json\/wp\/v2\/posts\/1\/revisions"}],"predecessor-version":[{"id":24,"href":"https:\/\/blogit.gradia.fi\/aee\/wp-json\/wp\/v2\/posts\/1\/revisions\/24"}],"wp:attachment":[{"href":"https:\/\/blogit.gradia.fi\/aee\/wp-json\/wp\/v2\/media?parent=1"}],"wp:term":[{"taxonomy":"category","embeddable":true,"href":"https:\/\/blogit.gradia.fi\/aee\/wp-json\/wp\/v2\/categories?post=1"},{"taxonomy":"post_tag","embeddable":true,"href":"https:\/\/blogit.gradia.fi\/aee\/wp-json\/wp\/v2\/tags?post=1"}],"curies":[{"name":"wp","href":"https:\/\/api.w.org\/{rel}","templated":true}]}}